{"id":42342,"date":"2025-09-29T07:10:07","date_gmt":"2025-09-29T07:10:07","guid":{"rendered":"https:\/\/www.europesays.com\/se\/42342\/"},"modified":"2025-09-29T07:10:07","modified_gmt":"2025-09-29T07:10:07","slug":"daniel-almgren-utses-till-vd-och-koncernchef-for-ework-group","status":"publish","type":"post","link":"https:\/\/www.europesays.com\/se\/42342\/","title":{"rendered":"Daniel Almgren utses till vd och koncernchef f\u00f6r Ework Group"},"content":{"rendered":"<p>&#13;<br \/>\n                        &#13;<br \/>\n&#13;<br \/>\n&#13;<\/p>\n<p>Ework Group AB (publ) har utsett\u00a0<strong>Daniel Almgren<\/strong>\u00a0till verkst\u00e4llande direkt\u00f6r och koncernchef. Han tilltr\u00e4der rollen den <strong>3 november 2025.<\/strong><\/p>\n<p>&#13;<\/p>\n<p style=\"margin-top:12px;\"><img decoding=\"async\" alt=\"\" src=\"https:\/\/www.europesays.com\/se\/wp-content\/uploads\/2025\/09\/954459effa1f8209_800x800ar.jpg\"\/><\/p>\n<p>Daniel kommer n\u00e4rmast fr\u00e5n rollen som vd f\u00f6r friskv\u00e5rdskedjan Medley och har en bakgrund inom avancerad tj\u00e4nsteleverans, konsulterfarenhet fr\u00e5n McKinsey &amp; Co och d\u00e4rtill ett f\u00f6rflutet i det svenska friidrottslandslaget.<\/p>\n<p>\u2013 Det \u00e4r med \u00f6dmjukhet och stor entusiasm som jag tar mig an vd-rollen. Ework Group \u00e4r en stark och viktig kraft i den p\u00e5g\u00e5ende omst\u00e4llningen p\u00e5 arbetsmarknaden, inte minst genom den f\u00f6r\u00e4ndring som AI driver. Jag ser fram emot att leda Ework i arbetet med att hj\u00e4lpa \u00e4nnu fler bolag att t\u00e4nka b\u00e5de strategiskt och l\u00e5ngsiktigt kring kompetensf\u00f6rs\u00f6rjning f\u00f6r att f\u00f6rst\u00e4rka sin konkurrenskraft, s\u00e4ger <strong>Daniel Almgren<\/strong>.<\/p>\n<p>\u2013\u00a0Vi \u00e4r glada att v\u00e4lkomna\u00a0Daniel\u00a0till\u00a0Ework. Han har ett bevisat ledarskap d\u00e4r han v\u00e4nt ett f\u00f6retag till det l\u00f6nsammaste i branschen. Han \u00e4r\u00a0v\u00e4l rustad att driva Eworks tillv\u00e4xtresa vidare och ta oss n\u00e4rmare m\u00e5let att bli Europas ledande partner inom kompetensf\u00f6rs\u00f6rjning,\u00a0s\u00e4ger\u00a0<strong>Staffan Sal\u00e9n<\/strong>, styrelseordf\u00f6rande f\u00f6r Ework Group. <\/p>\n<p>Karin Schreil kvarst\u00e5r till bolagets f\u00f6rfogande fram till \u00e5rsskiftet.<\/p>\n<p><strong>F\u00f6r ytterligare information, v\u00e4nligen kontakta:<\/strong><\/p>\n<p>Staffan Sal\u00e9n, styrelsens ordf\u00f6rande<br \/>Tel:\u00a0070 &#8211; 531 01 11\u00a0<br \/>\u00a0<\/p>\n<p>Denna information \u00e4r s\u00e5dan information som Ework Group AB (publ) ska offentligg\u00f6ra enligt EU:s marknadsmissbruksdirektiv MAR. Informationen l\u00e4mnas f\u00f6r offentligg\u00f6rande den 29 september 2025 klockan 08:55 (CEST) genom verkst\u00e4llande direkt\u00f6rens f\u00f6rsorg.\u00a0 \u00a0<\/p>\n<p style=\" margin-bottom:0pt; margin-top:0pt;\"><strong>Om Ework Group<\/strong>\u00a0<br \/>Ework Group, en ledande konsult- och kompetenspartner, erbjuder helhetsl\u00f6sningar f\u00f6r alla talangbehov med ett globalt konsultn\u00e4tverk p\u00e5 \u00f6ver 200 000 konsulter specialiserade inom IT\/digitalisering, R&amp;D, teknik-och verksamhetsutveckling. Bolaget har runt 11 000 konsulter p\u00e5 uppdrag, och expanderar kontinuerligt f\u00f6r att tillgodose kundbehov. Ework har bred portf\u00f6lj av talangl\u00f6sningar och hj\u00e4lper kunder med b\u00e5de permanent och tillf\u00e4llig tills\u00e4ttning av kompetens. Ework Group grundades i Sverige \u00e5r 2000 och har egen verksamhet i Sverige, Danmark, Norge, Finland, Polen, Slovakien och Belgien, med huvudkontor i Stockholm. Ework Groups aktier \u00e4r noterade p\u00e5 Nasdaq Stockholm (EWRK).\u202f<a href=\"http:\/\/www.eworkgroup.com\/\" target=\"_blank\" rel=\"nofollow noopener\">www.eworkgroup.com\u00a0<\/a>\u00a0<\/p>\n<p>&#13;<br \/>\n&#13;<br \/>\n&#13;<br \/>\n&#13;<\/p>\n","protected":false},"excerpt":{"rendered":"&#13; &#13; &#13; &#13; Ework Group AB (publ) har utsett\u00a0Daniel Almgren\u00a0till verkst\u00e4llande direkt\u00f6r och koncernchef. Han tilltr\u00e4der rollen&hellip;\n","protected":false},"author":2,"featured_media":42343,"comment_status":"","ping_status":"","sticky":false,"template":"","format":"standard","meta":{"footnotes":""},"categories":[65],"tags":[72,70,71,34,31,33,32,30],"class_list":{"0":"post-42342","1":"post","2":"type-post","3":"status-publish","4":"format-standard","5":"has-post-thumbnail","7":"category-ekonomi","8":"tag-business","9":"tag-economy","10":"tag-ekonomi","11":"tag-se","12":"tag-svenska","13":"tag-sverige","14":"tag-sweden","15":"tag-swedish"},"share_on_mastodon":{"url":"","error":""},"_links":{"self":[{"href":"https:\/\/www.europesays.com\/se\/wp-json\/wp\/v2\/posts\/42342","targetHints":{"allow":["GET"]}}],"collection":[{"href":"https:\/\/www.europesays.com\/se\/wp-json\/wp\/v2\/posts"}],"about":[{"href":"https:\/\/www.europesays.com\/se\/wp-json\/wp\/v2\/types\/post"}],"author":[{"embeddable":true,"href":"https:\/\/www.europesays.com\/se\/wp-json\/wp\/v2\/users\/2"}],"replies":[{"embeddable":true,"href":"https:\/\/www.europesays.com\/se\/wp-json\/wp\/v2\/comments?post=42342"}],"version-history":[{"count":0,"href":"https:\/\/www.europesays.com\/se\/wp-json\/wp\/v2\/posts\/42342\/revisions"}],"wp:featuredmedia":[{"embeddable":true,"href":"https:\/\/www.europesays.com\/se\/wp-json\/wp\/v2\/media\/42343"}],"wp:attachment":[{"href":"https:\/\/www.europesays.com\/se\/wp-json\/wp\/v2\/media?parent=42342"}],"wp:term":[{"taxonomy":"category","embeddable":true,"href":"https:\/\/www.europesays.com\/se\/wp-json\/wp\/v2\/categories?post=42342"},{"taxonomy":"post_tag","embeddable":true,"href":"https:\/\/www.europesays.com\/se\/wp-json\/wp\/v2\/tags?post=42342"}],"curies":[{"name":"wp","href":"https:\/\/api.w.org\/{rel}","templated":true}]}}