{"id":42511,"date":"2025-09-29T10:27:07","date_gmt":"2025-09-29T10:27:07","guid":{"rendered":"https:\/\/www.europesays.com\/se\/42511\/"},"modified":"2025-09-29T10:27:07","modified_gmt":"2025-09-29T10:27:07","slug":"beckhams-fejd-med-sonen-racker-nu","status":"publish","type":"post","link":"https:\/\/www.europesays.com\/se\/42511\/","title":{"rendered":"Beckhams fejd med sonen: R\u00e4cker nu"},"content":{"rendered":"<p>Publicerad 29 sep 2025 kl 12.06<\/p>\n<p>Victoria och David Beckham ligger i fejd med sonen Brooklyn och hans fru.<\/p>\n<p>Och nu har \u201dPosh\u201d f\u00e5tt nog.<\/p>\n<p>\u2013 En k\u00e4nslom\u00e4ssig bergochdalbana, s\u00e4ger en k\u00e4lla till <a href=\"https:\/\/www.dailymail.co.uk\/tvshowbiz\/article-15142307\/Victoria-Beckham-feud-brooklyn-come-fight.html\" rel=\"nofollow noopener\" target=\"_blank\">Daily Mail<\/a>.<\/p>\n<p><img loading=\"lazy\"   alt=\"\"\/><\/p>\n<p>David och Victoria Beckham.<\/p>\n<p>Foto: JULIE EDWARDS \/ STELLA PICTURES\/AVALON<\/p>\n<p>\u00d6ppna bild i helsk\u00e4rm<img loading=\"lazy\"   alt=\"\"\/><\/p>\n<p>Brooklyn Beckham och frun Nicola Peltz.<\/p>\n<p>Foto: Agence \/ Bestimage \/ TT NYHETSBYR\u00c5N<\/p>\n<p>\u00d6ppna bild i helsk\u00e4rm<\/p>\n<p>N\u00e4r fotbollslegendaren David Beckham fyllde 50 tidigare i \u00e5r d\u00f6k sonen Brooklyn Beckham, 26, inte upp.<\/p>\n<p>Snart sl\u00e4pps en Netflix-dokument\u00e4r om <a href=\"https:\/\/www.expressen.se\/tagg\/person\/victoria-beckham\/\" class=\"\" rel=\"nofollow noopener\" target=\"_blank\">Victoria Beckham<\/a> och i samband med produktionen av den s\u00e4gs hon ha f\u00e5tt nog av fejden med sonen.<\/p>\n<p>\u2013 Hon har insett att hon inte kan forts\u00e4tta f\u00e5 sitt hj\u00e4rta krossat av honom s\u00e5 h\u00e4r \u2013 det r\u00e4cker nu, s\u00e4ger en k\u00e4lla enligt Daily Mail.<\/p>\n<p><img loading=\"lazy\"   alt=\"\"\/><\/p>\n<p>Brooklyn Beckham.<\/p>\n<p>Foto: DDP \/ STELLA PICTURES<\/p>\n<p>\u00d6ppna bild i helsk\u00e4rm<\/p>\n<p>Brooklyn Beckham, som \u00e4r gift med arvtagerskan Nicola Peltz, 30, deltog i helgen i en k\u00e4ndisrunda golf i samband med Ryder&#8217;s cup. Han svarade d\u00e5 p\u00e5 Daily Mails fr\u00e5gor.<\/p>\n<p>\u2013 Vi g\u00f6r bara v\u00e5r grej, fokuserar p\u00e5 oss sj\u00e4lva och jobbet. Och vi \u00e4r lyckliga, sa han d\u00e5.<\/p>\n","protected":false},"excerpt":{"rendered":"Publicerad 29 sep 2025 kl 12.06 Victoria och David Beckham ligger i fejd med sonen Brooklyn och hans&hellip;\n","protected":false},"author":2,"featured_media":42512,"comment_status":"","ping_status":"","sticky":false,"template":"","format":"standard","meta":{"footnotes":""},"categories":[67],"tags":[104,1839,1034,34,31,33,32,30,310,105],"class_list":{"0":"post-42511","1":"post","2":"type-post","3":"status-publish","4":"format-standard","5":"has-post-thumbnail","7":"category-underhallning","8":"tag-entertainment","9":"tag-organization-netflix","10":"tag-person-victoria-beckham","11":"tag-se","12":"tag-svenska","13":"tag-sverige","14":"tag-sweden","15":"tag-swedish","16":"tag-topic-kandisar","17":"tag-underhallning"},"share_on_mastodon":{"url":"","error":""},"_links":{"self":[{"href":"https:\/\/www.europesays.com\/se\/wp-json\/wp\/v2\/posts\/42511","targetHints":{"allow":["GET"]}}],"collection":[{"href":"https:\/\/www.europesays.com\/se\/wp-json\/wp\/v2\/posts"}],"about":[{"href":"https:\/\/www.europesays.com\/se\/wp-json\/wp\/v2\/types\/post"}],"author":[{"embeddable":true,"href":"https:\/\/www.europesays.com\/se\/wp-json\/wp\/v2\/users\/2"}],"replies":[{"embeddable":true,"href":"https:\/\/www.europesays.com\/se\/wp-json\/wp\/v2\/comments?post=42511"}],"version-history":[{"count":0,"href":"https:\/\/www.europesays.com\/se\/wp-json\/wp\/v2\/posts\/42511\/revisions"}],"wp:featuredmedia":[{"embeddable":true,"href":"https:\/\/www.europesays.com\/se\/wp-json\/wp\/v2\/media\/42512"}],"wp:attachment":[{"href":"https:\/\/www.europesays.com\/se\/wp-json\/wp\/v2\/media?parent=42511"}],"wp:term":[{"taxonomy":"category","embeddable":true,"href":"https:\/\/www.europesays.com\/se\/wp-json\/wp\/v2\/categories?post=42511"},{"taxonomy":"post_tag","embeddable":true,"href":"https:\/\/www.europesays.com\/se\/wp-json\/wp\/v2\/tags?post=42511"}],"curies":[{"name":"wp","href":"https:\/\/api.w.org\/{rel}","templated":true}]}}