{"id":42630,"date":"2025-09-29T12:31:24","date_gmt":"2025-09-29T12:31:24","guid":{"rendered":"https:\/\/www.europesays.com\/se\/42630\/"},"modified":"2025-09-29T12:31:24","modified_gmt":"2025-09-29T12:31:24","slug":"hushallen-tror-inte-pa-mer-pengar-i-planboken-privatekonomi","status":"publish","type":"post","link":"https:\/\/www.europesays.com\/se\/42630\/","title":{"rendered":"Hush\u00e5llen tror inte p\u00e5 mer pengar i pl\u00e5nboken | Privatekonomi"},"content":{"rendered":"<p>Publicerad 28 sep 2025 kl 14.41<\/p>\n<p>Bara ett av fem hush\u00e5ll tror att regeringens budgetproposition kommer leda till en b\u00e4ttre privatekonomi. Det visar en unders\u00f6kning fr\u00e5n SBAB.<\/p>\n<p>Svantesson om budgeten: \u201dDet har varit n\u00e5gra tuffa \u00e5r&#8221;<img   alt=\"\"\/><\/p>\n<p>Bara ett av fem hush\u00e5ll tror att regeringens budget kommer leda till en b\u00e4ttre privatekonomi.<\/p>\n<p>Foto: PETTER ARVIDSON \/ BILDBYR\u00c5N<\/p>\n<p>\u00d6ppna bild i helsk\u00e4rm<\/p>\n<p>N\u00e4r regeringen presenterade sin h\u00f6stbudget inneh\u00f6ll den en rad f\u00f6rslag \u2013 bland annat s\u00e4nkt matmoms och s\u00e4nkt inkomstskatt \u2013 t\u00e4nkta att st\u00e4rka hush\u00e5llens privatekonomi.<\/p>\n<p>Om s\u00e5 kommer bli fallet?<\/p>\n<p>Nja.<\/p>\n<p>Bara en femtedel av de tillfr\u00e5gade hush\u00e5llen i SBAB:s unders\u00f6kning tror att deras ekonomi gynnas av budgetpropositionen.<\/p>\n<p>Drygt en av tio tror i st\u00e4llet p\u00e5 en negativ p\u00e5verkan, medan tre av tio anser att det inte kommer bli n\u00e5gon skillnad alls.<\/p>\n<p>\u201dOavsett vad man anser om dessa \u00e5tg\u00e4rder politiskt sett, blir jag lite f\u00f6rv\u00e5nad \u00f6ver att s\u00e5 f\u00e5 som en av fem tror att det kommer att p\u00e5verka privatekonomin positivt\u201d, s\u00e4ger Robert Boije, chefsekonom p\u00e5 SBAB, i ett pressmeddelande.<\/p>\n","protected":false},"excerpt":{"rendered":"Publicerad 28 sep 2025 kl 14.41 Bara ett av fem hush\u00e5ll tror att regeringens budgetproposition kommer leda till&hellip;\n","protected":false},"author":2,"featured_media":42631,"comment_status":"","ping_status":"","sticky":false,"template":"","format":"standard","meta":{"footnotes":""},"categories":[12],"tags":[22,23,26,27,17,21,24,25,28,29,15,16,18,34,607,31,33,32,30,19,20],"class_list":{"0":"post-42630","1":"post","2":"type-post","3":"status-publish","4":"format-standard","5":"has-post-thumbnail","7":"category-sverige","8":"tag-breaking-news","9":"tag-breakingnews","10":"tag-featured-news","11":"tag-featurednews","12":"tag-headlines","13":"tag-huvudnyheter","14":"tag-latest-news","15":"tag-latestnews","16":"tag-main-news","17":"tag-mainnews","18":"tag-news","19":"tag-nyheter","20":"tag-rubriker","21":"tag-se","22":"tag-sections-konsument","23":"tag-svenska","24":"tag-sverige","25":"tag-sweden","26":"tag-swedish","27":"tag-top-stories","28":"tag-topstories"},"share_on_mastodon":{"url":"","error":""},"_links":{"self":[{"href":"https:\/\/www.europesays.com\/se\/wp-json\/wp\/v2\/posts\/42630","targetHints":{"allow":["GET"]}}],"collection":[{"href":"https:\/\/www.europesays.com\/se\/wp-json\/wp\/v2\/posts"}],"about":[{"href":"https:\/\/www.europesays.com\/se\/wp-json\/wp\/v2\/types\/post"}],"author":[{"embeddable":true,"href":"https:\/\/www.europesays.com\/se\/wp-json\/wp\/v2\/users\/2"}],"replies":[{"embeddable":true,"href":"https:\/\/www.europesays.com\/se\/wp-json\/wp\/v2\/comments?post=42630"}],"version-history":[{"count":0,"href":"https:\/\/www.europesays.com\/se\/wp-json\/wp\/v2\/posts\/42630\/revisions"}],"wp:featuredmedia":[{"embeddable":true,"href":"https:\/\/www.europesays.com\/se\/wp-json\/wp\/v2\/media\/42631"}],"wp:attachment":[{"href":"https:\/\/www.europesays.com\/se\/wp-json\/wp\/v2\/media?parent=42630"}],"wp:term":[{"taxonomy":"category","embeddable":true,"href":"https:\/\/www.europesays.com\/se\/wp-json\/wp\/v2\/categories?post=42630"},{"taxonomy":"post_tag","embeddable":true,"href":"https:\/\/www.europesays.com\/se\/wp-json\/wp\/v2\/tags?post=42630"}],"curies":[{"name":"wp","href":"https:\/\/api.w.org\/{rel}","templated":true}]}}