{"id":42634,"date":"2025-09-29T12:34:09","date_gmt":"2025-09-29T12:34:09","guid":{"rendered":"https:\/\/www.europesays.com\/se\/42634\/"},"modified":"2025-09-29T12:34:09","modified_gmt":"2025-09-29T12:34:09","slug":"flera-svenskar-bortgallrade-skickas-till-ahl","status":"publish","type":"post","link":"https:\/\/www.europesays.com\/se\/42634\/","title":{"rendered":"Flera svenskar bortgallrade \u2013 skickas till AHL"},"content":{"rendered":"<p><strong><a href=\"https:\/\/hockeysverige.se\/nhl\/\" rel=\"nofollow noopener\" target=\"_blank\">NHL<\/a>-klubbarna b\u00f6rjar trimma sina trupper rej\u00e4lt inf\u00f6r premi\u00e4ren.<br \/>Under natten blev flera svenskar bortgallrade f\u00f6r att skickas ner till <a href=\"https:\/\/hockeysverige.se\/ahl\/\" rel=\"nofollow noopener\" target=\"_blank\">AHL<\/a>.<\/strong><\/p>\n<p><img loading=\"lazy\" decoding=\"async\" width=\"1024\" height=\"658\" src=\"https:\/\/www.europesays.com\/se\/wp-content\/uploads\/2025\/09\/Svenskar-AHL-1024x658.webp.webp\" alt=\"Svenskar NHL AHL.\" class=\"wp-image-308003\"  \/>Fabian Wagner, Simon Robertsson och Calle Clang \u00e4r tre av svenskarna som skickas ner. <strong>Foto: <\/strong>Bildbyr\u00e5n<\/p>\n<p>NHL-s\u00e4songen \u00e4r bara drygt en vecka bort och klubbarna h\u00e5ller just nu p\u00e5 att f\u00e4rdigst\u00e4lla sina trupper med premi\u00e4ren precis runt h\u00f6rnet. Det inneb\u00e4r att det sker stora f\u00f6r\u00e4ndringar i laguppst\u00e4llningarna med flera spelare som omplaceras till antingen AHL eller diverse juniorligor. <\/p>\n<p>Under natten mellan s\u00f6ndag och m\u00e5ndag fick fem svenskar beskedet att de inte har gjort tillr\u00e4ckligt f\u00f6r att ta plats i NHL inf\u00f6r den nya s\u00e4songen utan i st\u00e4llet f\u00e5r starta sin s\u00e4song i farmarligan. Det handlar om <a href=\"https:\/\/hockeysverige.se\/spelare\/simon-robertsson\/\" rel=\"nofollow noopener\" target=\"_blank\">Simon Robertsson<\/a> och <a href=\"https:\/\/hockeysverige.se\/spelare\/samuel-johannesson\/\" rel=\"nofollow noopener\" target=\"_blank\">Samuel Johannesson<\/a> (<a href=\"https:\/\/hockeysverige.se\/klubb\/st-louis-blues\/\" rel=\"nofollow noopener\" target=\"_blank\">St. Louis Blues<\/a>), <a href=\"https:\/\/hockeysverige.se\/spelare\/fabian-wagner\/\" rel=\"nofollow noopener\" target=\"_blank\">Fabian Wagner<\/a> (<a href=\"https:\/\/hockeysverige.se\/klubb\/winnipeg-jets\/\" rel=\"nofollow noopener\" target=\"_blank\">Winnipeg Jets<\/a>), <a href=\"https:\/\/hockeysverige.se\/spelare\/loke-johansson\/\" rel=\"nofollow noopener\" target=\"_blank\">Loke Johansson<\/a> (<a href=\"https:\/\/hockeysverige.se\/klubb\/boston-bruins\/\" rel=\"nofollow noopener\" target=\"_blank\">Boston Bruins<\/a>) samt Calle Clang (<a href=\"https:\/\/hockeysverige.se\/klubb\/anaheim-ducks\/\" rel=\"nofollow noopener\" target=\"_blank\">Anaheim Ducks<\/a>). <\/p>\n<p>SM-guldvinnaren en av spelarna som skickas till AHL<\/p>\n<p>Simon Robertsson och Samuel Johannessson l\u00e4mnade b\u00e5da svensk hockey f\u00f6rra \u00e5ret och spelade sedan i Blues farmarlag Springfield Thunderbirds. 22-\u00e5rige Robertsson, som draftades av Blues 2021, spelade i <a href=\"https:\/\/hockeysverige.se\/klubb\/skelleftea-aik\/\" rel=\"nofollow noopener\" target=\"_blank\">Skellefte\u00e5 <\/a>innan han \u00e5kte \u00f6ver till Nordamerika. Under s\u00e4songen 2023\/24 var han \u00e4ven utl\u00e5nad till <a href=\"https:\/\/hockeysverige.se\/klubb\/brynas-if\/\" rel=\"nofollow noopener\" target=\"_blank\">Bryn\u00e4s<\/a> som d\u00e5 spelade i <a href=\"https:\/\/hockeysverige.se\/hockeyallsvenskan\/\" rel=\"nofollow noopener\" target=\"_blank\">HockeyAllsvenskan<\/a> men forwarden \u00e5terv\u00e4nde till Skellefte\u00e5 och fick vinna SM-guld 2024. I fjol stod han f\u00f6r 13 po\u00e4ng p\u00e5 26 matcher i AHL. 24-\u00e5rige Johannesson \u00e5 sin sida gjorde succ\u00e9 i b\u00e5de Bryn\u00e4s och <a href=\"https:\/\/hockeysverige.se\/klubb\/orebro-hockey\/\" rel=\"nofollow noopener\" target=\"_blank\">\u00d6rebro<\/a> i <a href=\"https:\/\/hockeysverige.se\/shl\/\" rel=\"nofollow noopener\" target=\"_blank\">SHL<\/a> vilket ledde till att han fick ett NHL-kontrakt av St. Louis f\u00f6rra \u00e5ret. Under debuts\u00e4songen i AHL stod han f\u00f6r 32 po\u00e4ng p\u00e5 66 matcher vilket var n\u00e4st b\u00e4st av alla svenska backar i farmarligan. <\/p>\n<p>Fabian Wagner draftades av Winnipeg Jets 2022 och spelade <a href=\"https:\/\/hockeysverige.se\/junior-vm\" rel=\"nofollow noopener\" target=\"_blank\">JVM<\/a> f\u00f6r Sverige b\u00e5de 2023 och 2024. Han spelade SHL-hockey med <a href=\"https:\/\/hockeysverige.se\/klubb\/linkoping-hc\/\" rel=\"nofollow noopener\" target=\"_blank\">Link\u00f6ping<\/a> innan 21-\u00e5ringen l\u00e4mnade Sverige mitt under f\u00f6rra s\u00e4songen f\u00f6r att ansluta till Jets organisation. I fjol noterades han f\u00f6r 13 po\u00e4ng p\u00e5 50 matcher i AHL. <\/p>\n<p>Loke Johansson valdes i sj\u00e4tte rundan av Boston Bruins i NHL-draften 2024 och imponerade sedan p\u00e5 Bruins vilket ledde till att han skrev ett NHL-kontrakt tidigt efter draften. I fjol spelade han f\u00f6r Moncton Wildcats i juniorligan <a href=\"https:\/\/hockeysverige.se\/internationell-juniorhockey\/\" rel=\"nofollow noopener\" target=\"_blank\">QMJHL<\/a> men till \u00e5rets s\u00e4song tar 19-\u00e5ringen klivet till AHL. <\/p>\n<p>Calle Clang l\u00e4mnade <a href=\"https:\/\/hockeysverige.se\/klubb\/rogle-bk\/\" rel=\"nofollow noopener\" target=\"_blank\">R\u00f6gle<\/a> 2023 och g\u00e5r nu in i sin tredje s\u00e4song i Anaheim Ducks organisation. Han har dock endast f\u00e5tt komma upp och sitta p\u00e5 b\u00e4nken i NHL, men utan att f\u00e5 spela. Det har i st\u00e4llet blivit spel i farmarlaget San Diego Gulls d\u00e4r 23-\u00e5ringen har spelat 68 AHL-matcher. <\/p>\n<p> Source: <a href=\"https:\/\/www.eliteprospects.com\/league\/nhl\" target=\"_blank\" rel=\"noopener noreferrer nofollow\">NHL League Page<\/a> @ Elite Prospects<\/p>\n","protected":false},"excerpt":{"rendered":"NHL-klubbarna b\u00f6rjar trimma sina trupper rej\u00e4lt inf\u00f6r premi\u00e4ren.Under natten blev flera svenskar bortgallrade f\u00f6r att skickas ner till&hellip;\n","protected":false},"author":2,"featured_media":42635,"comment_status":"","ping_status":"","sticky":false,"template":"","format":"standard","meta":{"footnotes":""},"categories":[68],"tags":[2544,247,34,133,111,110,31,33,32,30],"class_list":{"0":"post-42634","1":"post","2":"type-post","3":"status-publish","4":"format-standard","5":"has-post-thumbnail","7":"category-sport","8":"tag-ahl","9":"tag-nhl","10":"tag-se","11":"tag-second-news","12":"tag-sport","13":"tag-sports","14":"tag-svenska","15":"tag-sverige","16":"tag-sweden","17":"tag-swedish"},"share_on_mastodon":{"url":"","error":""},"_links":{"self":[{"href":"https:\/\/www.europesays.com\/se\/wp-json\/wp\/v2\/posts\/42634","targetHints":{"allow":["GET"]}}],"collection":[{"href":"https:\/\/www.europesays.com\/se\/wp-json\/wp\/v2\/posts"}],"about":[{"href":"https:\/\/www.europesays.com\/se\/wp-json\/wp\/v2\/types\/post"}],"author":[{"embeddable":true,"href":"https:\/\/www.europesays.com\/se\/wp-json\/wp\/v2\/users\/2"}],"replies":[{"embeddable":true,"href":"https:\/\/www.europesays.com\/se\/wp-json\/wp\/v2\/comments?post=42634"}],"version-history":[{"count":0,"href":"https:\/\/www.europesays.com\/se\/wp-json\/wp\/v2\/posts\/42634\/revisions"}],"wp:featuredmedia":[{"embeddable":true,"href":"https:\/\/www.europesays.com\/se\/wp-json\/wp\/v2\/media\/42635"}],"wp:attachment":[{"href":"https:\/\/www.europesays.com\/se\/wp-json\/wp\/v2\/media?parent=42634"}],"wp:term":[{"taxonomy":"category","embeddable":true,"href":"https:\/\/www.europesays.com\/se\/wp-json\/wp\/v2\/categories?post=42634"},{"taxonomy":"post_tag","embeddable":true,"href":"https:\/\/www.europesays.com\/se\/wp-json\/wp\/v2\/tags?post=42634"}],"curies":[{"name":"wp","href":"https:\/\/api.w.org\/{rel}","templated":true}]}}