{"id":42739,"date":"2025-09-29T14:41:07","date_gmt":"2025-09-29T14:41:07","guid":{"rendered":"https:\/\/www.europesays.com\/se\/42739\/"},"modified":"2025-09-29T14:41:07","modified_gmt":"2025-09-29T14:41:07","slug":"elisa-lindstrom-har-blivit-mamma-igen","status":"publish","type":"post","link":"https:\/\/www.europesays.com\/se\/42739\/","title":{"rendered":"Elisa Lindstr\u00f6m har blivit mamma igen"},"content":{"rendered":"<p>Publicerad 29 sep 2025 kl 16.26Uppdaterad kl 16.31<\/p>\n<p>Melloartisten Elisa Lindstr\u00f6m har f\u00e5tt sitt andra barn.<\/p>\n<p>\u2013 Alla m\u00e5r bra och \u00e4r glada i sin bebisbubbla, s\u00e4ger dansbandsstj\u00e4rnans pressansvariga Pim Hjelmstierna till Expressen.<\/p>\n<p><img loading=\"lazy\"   alt=\"\"\/><\/p>\n<p>Elisa Lindstr\u00f6m med pojkv\u00e4nnen Gustav Lindqvist.<\/p>\n<p>Foto: KARIN T\u00d6RNBLOM \/ IBL<\/p>\n<p>\u00d6ppna bild i helsk\u00e4rm<img loading=\"lazy\"   alt=\"\"\/><\/p>\n<p>Elisa Lindstr\u00f6m.<\/p>\n<p>Foto: Johan Nilsson \/ TT NYHETSBYR\u00c5N<\/p>\n<p>\u00d6ppna bild i helsk\u00e4rm<\/p>\n<p><a href=\"https:\/\/www.expressen.se\/tagg\/person\/elisa-lindstrom\/\" class=\"\" rel=\"nofollow noopener\" target=\"_blank\">Elisa Lindstr\u00f6m<\/a>, 34, har vunnit b\u00e5de \u201dK\u00f6rslaget\u201d, \u201dLet&#8217;s dance\u201d och t\u00e4vlat i Melodifestivalen flera g\u00e5nger.<\/p>\n<p>Nu har hon blivit mamma f\u00f6r andra g\u00e5ngen.<\/p>\n<p>Dansbandsstj\u00e4rnan har v\u00e4lkomnat en dotter tillsammans med pojkv\u00e4nnen Gustaf Lundqvist.<\/p>\n<p>Det \u00e4r Lindstr\u00f6ms f\u00f6rsta barn med Lundqvist. Artisten har sedan tidigare en dotter med Magnus Fryk\u00e9n, f\u00f6re detta bandkollega i dansbandet Elisa&#8217;s.<\/p>\n","protected":false},"excerpt":{"rendered":"Publicerad 29 sep 2025 kl 16.26Uppdaterad kl 16.31 Melloartisten Elisa Lindstr\u00f6m har f\u00e5tt sitt andra barn. \u2013 Alla&hellip;\n","protected":false},"author":2,"featured_media":42740,"comment_status":"","ping_status":"","sticky":false,"template":"","format":"standard","meta":{"footnotes":""},"categories":[67],"tags":[104,3966,34,31,33,32,30,4420,105],"class_list":{"0":"post-42739","1":"post","2":"type-post","3":"status-publish","4":"format-standard","5":"has-post-thumbnail","7":"category-underhallning","8":"tag-entertainment","9":"tag-person-elisa-lindstrom","10":"tag-se","11":"tag-svenska","12":"tag-sverige","13":"tag-sweden","14":"tag-swedish","15":"tag-topic-dansband","16":"tag-underhallning"},"share_on_mastodon":{"url":"","error":""},"_links":{"self":[{"href":"https:\/\/www.europesays.com\/se\/wp-json\/wp\/v2\/posts\/42739","targetHints":{"allow":["GET"]}}],"collection":[{"href":"https:\/\/www.europesays.com\/se\/wp-json\/wp\/v2\/posts"}],"about":[{"href":"https:\/\/www.europesays.com\/se\/wp-json\/wp\/v2\/types\/post"}],"author":[{"embeddable":true,"href":"https:\/\/www.europesays.com\/se\/wp-json\/wp\/v2\/users\/2"}],"replies":[{"embeddable":true,"href":"https:\/\/www.europesays.com\/se\/wp-json\/wp\/v2\/comments?post=42739"}],"version-history":[{"count":0,"href":"https:\/\/www.europesays.com\/se\/wp-json\/wp\/v2\/posts\/42739\/revisions"}],"wp:featuredmedia":[{"embeddable":true,"href":"https:\/\/www.europesays.com\/se\/wp-json\/wp\/v2\/media\/42740"}],"wp:attachment":[{"href":"https:\/\/www.europesays.com\/se\/wp-json\/wp\/v2\/media?parent=42739"}],"wp:term":[{"taxonomy":"category","embeddable":true,"href":"https:\/\/www.europesays.com\/se\/wp-json\/wp\/v2\/categories?post=42739"},{"taxonomy":"post_tag","embeddable":true,"href":"https:\/\/www.europesays.com\/se\/wp-json\/wp\/v2\/tags?post=42739"}],"curies":[{"name":"wp","href":"https:\/\/api.w.org\/{rel}","templated":true}]}}