{"id":42751,"date":"2025-09-29T14:54:07","date_gmt":"2025-09-29T14:54:07","guid":{"rendered":"https:\/\/www.europesays.com\/se\/42751\/"},"modified":"2025-09-29T14:54:07","modified_gmt":"2025-09-29T14:54:07","slug":"v-tjanstemannen-som-var-i-brak-med-alice-teodorescu-mawe-slutar","status":"publish","type":"post","link":"https:\/\/www.europesays.com\/se\/42751\/","title":{"rendered":"V-tj\u00e4nstemannen\u00a0som var i br\u00e5k med Alice Teodorescu M\u00e5we slutar"},"content":{"rendered":"<p>Publicerad 29 sep 2025 kl 16.17Uppdaterad kl 16.24<\/p>\n<p>I v\u00e5ras var den kvinnliga V-tj\u00e4nstemannen inblandad i ett uppm\u00e4rksammat br\u00e5k i EU-parlamentet.<\/p>\n<p>P\u00e5 andra sidan stod EU-parlamentarikern Alice Teodorescu M\u00e5we (KD).<\/p>\n<p>Nu l\u00e4mnar V-kvinnan sitt jobb.<\/p>\n<p>Samtidigt v\u00e4ntar b\u00e5de V och KD p\u00e5 att polisens utredning ska bli klar.<\/p>\n<p>Senaste nyhetsklippen fr\u00e5n Expressen.<img   alt=\"\"\/><\/p>\n<p>KD:s Alice Teodorescu M\u00e5we menar att det var hon som blev attackerad av V-tj\u00e4nstemannen, samtidigt som V\u00e4nsterpartiet h\u00e4vdar motsatsen.<\/p>\n<p>Foto: OLLE SPORRONG<\/p>\n<p>\u00d6ppna bild i helsk\u00e4rm<\/p>\n<p>N\u00e4r Expressen st\u00e4ller fr\u00e5gor till V-tj\u00e4nstemannen om att hon slutar s\u00e4ger hon:<\/p>\n<p>\u2013 Varf\u00f6r undrar du det? Allts\u00e5, jag tycker inte det finns n\u00e5t v\u00e4rde av den nyheten.<\/p>\n<p>\u2013 Jag uppskattar inte att du ringer mig s\u00e5 h\u00e4r och jag uppskattar inte vad din tidning skriver heller s\u00e5 jag vill inte att du ringer upp mig igen.<\/p>\n<p>Marie Antman \u00e4r kanslichef f\u00f6r V\u00e4nsterpartiet i EU-parlamentet. Hon s\u00e4ger att tj\u00e4nstemannen\u00a0slutade \u201df\u00f6r n\u00e5n vecka sedan\u201d:<\/p>\n<p>\u2013 Det \u00e4r lite som det \u00e4r h\u00e4r i parlamentet, folk jobbar n\u00e5t \u00e5r och sedan vill man hem.<\/p>\n<p><strong>Det var hennes initiativ att hon slutade?<\/strong><\/p>\n<p>\u2013 Ja, sj\u00e4lvklart.<\/p>\n<p><strong>Har det n\u00e5nting att g\u00f6ra med den h\u00e4r uppm\u00e4rksammade incidenten med Alice Teodorescu M\u00e5we fr\u00e5n i v\u00e5ras?<\/strong><\/p>\n<p>\u2013 Absolut inte.<\/p>\n<p>Antman \u00e5terkommer sedan och ber\u00e4ttar att tj\u00e4nstemannen\u00a0redan i april \u2013 allts\u00e5 f\u00f6re incidenten med Teodorescu M\u00e5we \u2013 ber\u00e4ttade att hon skulle sluta sin tj\u00e4nst. Partiet tog d\u00e5 fram en jobbannons och de har redan anst\u00e4llt en annan person f\u00f6r tj\u00e4nsten.<\/p>\n<p>Polisutredningen<\/p>\n<p>Bilden av vad som egentligen h\u00e4nde under incidenten i maj g\u00e5r fortfarande is\u00e4r. <a href=\"https:\/\/www.expressen.se\/nyheter\/sverige\/teodorescu-mawes-forsta-ord-om-incidenten-med-v-tjanstemannen\/\" rel=\"nofollow noopener\" target=\"_blank\">Teodorescu M\u00e5we<\/a> menar att det var hon som blev attackerad av V-tj\u00e4nstemannen, medan <a href=\"https:\/\/www.expressen.se\/nyheter\/sverige\/vansterpartiet-polisanmaler-teodorescu-mawe\/\" rel=\"nofollow noopener\" target=\"_blank\">V\u00e4nsterpartiet<\/a> har framf\u00f6rt motsatsen.\u00a0<\/p>\n<p>EU-parlamentets egen utredning, d\u00e4r en \u00f6vervakningsfilm ingick, kom fram till att det var tj\u00e4nstemannen som \u201dinitierade och eskalerade\u201d situationen. V\u00e4nsterpartiet har i sin tur anlitat <a href=\"https:\/\/www.expressen.se\/nyheter\/expressen-direkt\/?post=89fda6ee-3c49-41d1-824a-834f909ffaae\" rel=\"nofollow noopener\" target=\"_blank\">en jurist<\/a> som i ett utl\u00e5tande, efter att ha sett filmen, st\u00f6der deras version av h\u00e4ndelsen. B\u00e5da parter har polisanm\u00e4lt varandra.<\/p>\n<p><img loading=\"lazy\"   alt=\"\"\/><\/p>\n<p>EU-parlamentet i Bryssel.<\/p>\n<p>Foto: PELLE T NILSSON\/SPA<\/p>\n<p>\u00d6ppna bild i helsk\u00e4rm<\/p>\n<p><strong>Har det h\u00e4nt n\u00e5got mer p\u00e5 sistone n\u00e4r det g\u00e4ller incidenten med Alice Teodorescu M\u00e5we?<\/strong><\/p>\n<p>\u2013 Det \u00e4r samma l\u00e4ge fortfarande, att parlamentet inte l\u00e4mnar ut filmen. Det \u00e4r det bevis som vi har s\u00e5 att s\u00e4ga. Vi vet att det gick till p\u00e5 det s\u00e4ttet som v\u00e5r advokat har beskrivit, s\u00e4ger Marie Antman och forts\u00e4tter:<\/p>\n<p>\u2013 Det vi f\u00e5tt veta fr\u00e5n parlamentet, men det \u00e4r n\u00e5gra m\u00e5nader sen, \u00e4r att de kommer att l\u00e4mna filmen till polisen om polisen beg\u00e4r ut den.<\/p>\n<p><strong>Har ni f\u00e5tt n\u00e5gra signaler fr\u00e5n polisen om att de kommer att g\u00f6ra det?<\/strong><\/p>\n<p>\u2013 Nej, det \u00e4r ett lite annat system h\u00e4r i Belgien, vi kan inte f\u00e5 n\u00e5n information fr\u00e5n dem.<\/p>\n<p>Annons<\/p>\n<p>Vill att \u00f6vervakningsfilmen sl\u00e4pps<\/p>\n<p><a href=\"https:\/\/www.expressen.se\/tagg\/organization\/kristdemokraterna\/\" class=\"\" rel=\"nofollow noopener\" target=\"_blank\">Kristdemokraterna<\/a> vill ocks\u00e5 att filmen fr\u00e5n incidenten sl\u00e4pps. Natalie Tegelberg, kanslichef f\u00f6r KD i EU-parlamentet, s\u00e4ger:<\/p>\n<p>\u2013 Parlamentets utredning var klar v\u00e4ldigt omg\u00e5ende. S\u00e4kerhetsavdelningen gjorde en utredning som var klar inom bara ett par dagar som kom fram till att det var Alice som blev attackerad och det var den h\u00e4r\u00a0tj\u00e4nstepersonen\u00a0som b\u00e5de initierade och eskalerade situationen.\u00a0<\/p>\n<p>Hon till\u00e4gger:<\/p>\n<p>\u2013 F\u00f6r v\u00e5r del v\u00e4ntar vi p\u00e5 att polisutredningen b\u00e5de ska dra i g\u00e5ng och bli klar. I och med att allting finns p\u00e5 film s\u00e5 borde det inte ta s\u00e5 l\u00e5ng tid n\u00e4r v\u00e4l den belgiska polisen har best\u00e4mt sig f\u00f6r att starta utredningen, t\u00e4nker jag.\u00a0<\/p>\n<p>\u2013 Vi vill j\u00e4tteg\u00e4rna att \u00f6vervakningsfilmen sl\u00e4pps.<\/p>\n<p>Expressen har s\u00f6kt EU-parlamentarikerna Jonas Sj\u00f6stedt, V, och Alice Teodorescu M\u00e5we, KD.<\/p>\n<p><strong>L\u00c4S MER: <\/strong><a href=\"https:\/\/www.expressen.se\/nyheter\/sverige\/vansterpartiet-polisanmaler-teodorescu-mawe\/\" class=\"\" rel=\"nofollow noopener\" target=\"_blank\">V\u00e4nsterpartiet polisanm\u00e4ler Teodorescu M\u00e5we<\/a><strong>L\u00c4S MER: <\/strong><a href=\"https:\/\/www.expressen.se\/nyheter\/sverige\/teodorescu-mawes-forsta-ord-om-incidenten-med-v-tjanstemannen\/\" class=\"\" rel=\"nofollow noopener\" target=\"_blank\">Teodorescu M\u00e5wes f\u00f6rsta ord om incidenten med V-tj\u00e4nstemannen<\/a><strong>L\u00c4S MER: <\/strong><a href=\"https:\/\/www.expressen.se\/nyheter\/sverige\/kd-slar-tillbaka-mot-v-om-braket-hade-jacka\/\" class=\"\" rel=\"nofollow noopener\" target=\"_blank\">KD sl\u00e5r tillbaka mot V om br\u00e5ket: \u201dHade jacka\u201d<\/a><\/p>\n","protected":false},"excerpt":{"rendered":"Publicerad 29 sep 2025 kl 16.17Uppdaterad kl 16.24 I v\u00e5ras var den kvinnliga V-tj\u00e4nstemannen inblandad i ett uppm\u00e4rksammat&hellip;\n","protected":false},"author":2,"featured_media":42752,"comment_status":"","ping_status":"","sticky":false,"template":"","format":"standard","meta":{"footnotes":""},"categories":[14],"tags":[22,23,26,27,17,21,24,25,4423,28,29,15,16,746,44,2177,4422,18,34,583,31,33,32,30,19,20,51,52,53,54],"class_list":{"0":"post-42751","1":"post","2":"type-post","3":"status-publish","4":"format-standard","5":"has-post-thumbnail","7":"category-varlden","8":"tag-breaking-news","9":"tag-breakingnews","10":"tag-featured-news","11":"tag-featurednews","12":"tag-headlines","13":"tag-huvudnyheter","14":"tag-latest-news","15":"tag-latestnews","16":"tag-location-bryssel","17":"tag-main-news","18":"tag-mainnews","19":"tag-news","20":"tag-nyheter","21":"tag-organization-eu","22":"tag-organization-kristdemokraterna","23":"tag-organization-vansterpartiet","24":"tag-person-alice-teodorescu-mawe","25":"tag-rubriker","26":"tag-se","27":"tag-sections-politik","28":"tag-svenska","29":"tag-sverige","30":"tag-sweden","31":"tag-swedish","32":"tag-top-stories","33":"tag-topstories","34":"tag-varlden","35":"tag-world","36":"tag-world-news","37":"tag-worldnews"},"share_on_mastodon":{"url":"","error":""},"_links":{"self":[{"href":"https:\/\/www.europesays.com\/se\/wp-json\/wp\/v2\/posts\/42751","targetHints":{"allow":["GET"]}}],"collection":[{"href":"https:\/\/www.europesays.com\/se\/wp-json\/wp\/v2\/posts"}],"about":[{"href":"https:\/\/www.europesays.com\/se\/wp-json\/wp\/v2\/types\/post"}],"author":[{"embeddable":true,"href":"https:\/\/www.europesays.com\/se\/wp-json\/wp\/v2\/users\/2"}],"replies":[{"embeddable":true,"href":"https:\/\/www.europesays.com\/se\/wp-json\/wp\/v2\/comments?post=42751"}],"version-history":[{"count":0,"href":"https:\/\/www.europesays.com\/se\/wp-json\/wp\/v2\/posts\/42751\/revisions"}],"wp:featuredmedia":[{"embeddable":true,"href":"https:\/\/www.europesays.com\/se\/wp-json\/wp\/v2\/media\/42752"}],"wp:attachment":[{"href":"https:\/\/www.europesays.com\/se\/wp-json\/wp\/v2\/media?parent=42751"}],"wp:term":[{"taxonomy":"category","embeddable":true,"href":"https:\/\/www.europesays.com\/se\/wp-json\/wp\/v2\/categories?post=42751"},{"taxonomy":"post_tag","embeddable":true,"href":"https:\/\/www.europesays.com\/se\/wp-json\/wp\/v2\/tags?post=42751"}],"curies":[{"name":"wp","href":"https:\/\/api.w.org\/{rel}","templated":true}]}}