{"id":42781,"date":"2025-09-29T15:44:07","date_gmt":"2025-09-29T15:44:07","guid":{"rendered":"https:\/\/www.europesays.com\/se\/42781\/"},"modified":"2025-09-29T15:44:07","modified_gmt":"2025-09-29T15:44:07","slug":"kristersson-till-niinisto-i-hemliga-natomotet-really-bad","status":"publish","type":"post","link":"https:\/\/www.europesays.com\/se\/42781\/","title":{"rendered":"Kristersson till Niinist\u00f6 i hemliga Natom\u00f6tet: \u201dReally bad\u201d"},"content":{"rendered":"<p>Publicerad 29 sep 2025 kl 16.12<\/p>\n<p>Ulf Kristersson protesterade n\u00e4r Finland gick med i Nato f\u00f6re Sverige.\u00a0<\/p>\n<p>Det ber\u00e4ttar d\u00e5varande Natochefen Jens Stoltenberg i en ny bok.<\/p>\n<p>\u2013 This is bad, really bad, sa Kristersson enligt boken.<\/p>\n<p><img   alt=\"\"\/><\/p>\n<p>Sverige blev till slut medlemmar i Nato i mars 2024, knappt ett \u00e5r efter att Finland g\u00e5tt med.<\/p>\n<p>Foto: ABACA \/ STELLA PICTURES\/DDP\/ABACA PRESS DDP<\/p>\n<p>\u00d6ppna bild i helsk\u00e4rm<img loading=\"lazy\"   alt=\"\"\/><\/p>\n<p>Ulf Kristersson och Jens Stoltenberg.<\/p>\n<p>Foto: Jonas Ekstr\u00f6mer \/ TT NYHETSBYR\u00c5N<\/p>\n<p>\u00d6ppna bild i helsk\u00e4rm<img loading=\"lazy\"   alt=\"\"\/><\/p>\n<p>Ulf Kristersson.<\/p>\n<p>Foto: JONAS EKSTR\u00d6MER\/TT<\/p>\n<p>\u00d6ppna bild i helsk\u00e4rm<\/p>\n<p>M\u00f6tet \u00e4gde rum i februari 2023.<\/p>\n<p>D\u00e5 samlades statsminister <a href=\"https:\/\/www.expressen.se\/tagg\/person\/ulf-kristersson\/\" class=\"\" rel=\"nofollow noopener\" target=\"_blank\">Ulf Kristersson<\/a>, finska presidenten Sauli Niinist\u00f6 och d\u00e5varande Natochefen Jens Stoltenberg f\u00f6r att diskutera v\u00e4gen in i Nato.<\/p>\n<p>Vid den tidpunkten hade Stoltenberg redan \u00f6ppnat f\u00f6r att Sverige och Finland kunde g\u00e5 med vid olika tidpunkter.<\/p>\n<p>Orsaken var att fr\u00e4mst Turkiet motsatte sig det svenska medlemskapet.<\/p>\n<p>St\u00e4mningen under m\u00f6tet var \u201dansp\u00e4nd\u201d\u00a0och Kristersson var kritisk till att Finland skulle g\u00e5 f\u00f6re in i Nato, skriver Stoltenberg i sin bok \u201dMin tid i Nato\u201d.<\/p>\n<p>\u2013 Jag \u00e4r emot att vi inte kommer in samtidigt. Och hade inte ni skyndat p\u00e5 ratificeringen i ert eget parlament s\u00e5 hade inte Turkiet varit i den positionen att de kunde s\u00e4ga ja till bara Finland, sa Kristersson enligt boken.<\/p>\n<p>Han fick mothugg av Niinist\u00f6:<\/p>\n<p>\u2013 Jag m\u00e5ste r\u00e4tta dig, Ulf. Det \u00e4r inte Finland som g\u00e5r f\u00f6rst. Det \u00e4r Finland som f\u00e5r g\u00e5 f\u00f6rst.<\/p>\n<p>Stoltenbergs varning<\/p>\n<p>Det var d\u00e5 Kristersson, enligt Stoltenberg, sa att \u201ddet h\u00e4r \u00e4r d\u00e5ligt, riktigt d\u00e5ligt\u201d.<\/p>\n<p>Stoltenberg beskriver ocks\u00e5 hur han lyfte ett varningens finger mot de svenska politiker som menade att f\u00f6rseningen av Natointr\u00e4det var en s\u00e4kerhetsrisk f\u00f6r alliansen.<\/p>\n<p>\u201dJag f\u00f6rstod svenskarnas irritation. Men de hade en tendens att framst\u00e4lla problemet som st\u00f6rre \u00e4n det var, och d\u00e5 riskerade de ocks\u00e5 att det blev st\u00f6rre\u201d, skriver Stoltenberg.<\/p>\n<p>I dag s\u00e4ger sig Kristersson inte ha varit orolig \u00f6ver beskedet fr\u00e5n Finland.<\/p>\n<p>\u2013 Vi hade inget problem med Finland, vi hade problem med Turkiet och Ungern, s\u00e4ger han vid en presstr\u00e4ff p\u00e5 torsdagen.<\/p>\n<p>D\u00e4remot var det en frustrerande period.<\/p>\n<p>\u2013 Vi tyckte att vi hade gjort allt som rimligen kunde kr\u00e4vas av Sverige och det drog \u00e4nd\u00e5 ut p\u00e5 tiden, s\u00e4ger Kristersson.<\/p>\n<p>Sverige blev till slut medlemmar i Nato i mars 2024, knappt ett \u00e5r efter att Finland g\u00e5tt med.<\/p>\n<p><strong>L\u00c4S MER: <\/strong><a href=\"https:\/\/www.expressen.se\/nyheter\/varlden\/norska-ilskan-mot-ryssland-oacceptabelt\/\" class=\"\" rel=\"nofollow noopener\" target=\"_blank\">Trumps uppmaning till Nato: Skjut ner de ryska planen<\/a><strong>L\u00c4S MER: <\/strong><a href=\"https:\/\/www.expressen.se\/nyheter\/sverige\/presstraff-om-sakerhetslaget\/\" class=\"\" rel=\"nofollow noopener\" target=\"_blank\">Ulf Kristersson om dr\u00f6narhotet: Kunde h\u00e4nt h\u00e4r<\/a><strong>L\u00c4S MER: <\/strong><a href=\"https:\/\/www.expressen.se\/nyheter\/politik\/s-dronarkrav-infor-motet-med-kristersson\/\" class=\"\" rel=\"nofollow noopener\" target=\"_blank\">S dr\u00f6narkrav inf\u00f6r m\u00f6tet med Kristersson<\/a><\/p>\n","protected":false},"excerpt":{"rendered":"Publicerad 29 sep 2025 kl 16.12 Ulf Kristersson protesterade n\u00e4r Finland gick med i Nato f\u00f6re Sverige.\u00a0 Det&hellip;\n","protected":false},"author":2,"featured_media":42782,"comment_status":"","ping_status":"","sticky":false,"template":"","format":"standard","meta":{"footnotes":""},"categories":[12],"tags":[22,23,26,27,17,21,24,25,28,29,15,16,1401,4424,530,18,34,583,31,33,32,30,19,3756,20],"class_list":{"0":"post-42781","1":"post","2":"type-post","3":"status-publish","4":"format-standard","5":"has-post-thumbnail","7":"category-sverige","8":"tag-breaking-news","9":"tag-breakingnews","10":"tag-featured-news","11":"tag-featurednews","12":"tag-headlines","13":"tag-huvudnyheter","14":"tag-latest-news","15":"tag-latestnews","16":"tag-main-news","17":"tag-mainnews","18":"tag-news","19":"tag-nyheter","20":"tag-organization-nato","21":"tag-person-jens-stoltenberg","22":"tag-person-ulf-kristersson","23":"tag-rubriker","24":"tag-se","25":"tag-sections-politik","26":"tag-svenska","27":"tag-sverige","28":"tag-sweden","29":"tag-swedish","30":"tag-top-stories","31":"tag-topic-forsvarspolitik","32":"tag-topstories"},"share_on_mastodon":{"url":"","error":""},"_links":{"self":[{"href":"https:\/\/www.europesays.com\/se\/wp-json\/wp\/v2\/posts\/42781","targetHints":{"allow":["GET"]}}],"collection":[{"href":"https:\/\/www.europesays.com\/se\/wp-json\/wp\/v2\/posts"}],"about":[{"href":"https:\/\/www.europesays.com\/se\/wp-json\/wp\/v2\/types\/post"}],"author":[{"embeddable":true,"href":"https:\/\/www.europesays.com\/se\/wp-json\/wp\/v2\/users\/2"}],"replies":[{"embeddable":true,"href":"https:\/\/www.europesays.com\/se\/wp-json\/wp\/v2\/comments?post=42781"}],"version-history":[{"count":0,"href":"https:\/\/www.europesays.com\/se\/wp-json\/wp\/v2\/posts\/42781\/revisions"}],"wp:featuredmedia":[{"embeddable":true,"href":"https:\/\/www.europesays.com\/se\/wp-json\/wp\/v2\/media\/42782"}],"wp:attachment":[{"href":"https:\/\/www.europesays.com\/se\/wp-json\/wp\/v2\/media?parent=42781"}],"wp:term":[{"taxonomy":"category","embeddable":true,"href":"https:\/\/www.europesays.com\/se\/wp-json\/wp\/v2\/categories?post=42781"},{"taxonomy":"post_tag","embeddable":true,"href":"https:\/\/www.europesays.com\/se\/wp-json\/wp\/v2\/tags?post=42781"}],"curies":[{"name":"wp","href":"https:\/\/api.w.org\/{rel}","templated":true}]}}