{"id":42790,"date":"2025-09-29T16:01:12","date_gmt":"2025-09-29T16:01:12","guid":{"rendered":"https:\/\/www.europesays.com\/se\/42790\/"},"modified":"2025-09-29T16:01:12","modified_gmt":"2025-09-29T16:01:12","slug":"carina-bergs-nya-besked-om-dromhuset-saljer-noje","status":"publish","type":"post","link":"https:\/\/www.europesays.com\/se\/42790\/","title":{"rendered":"Carina Bergs nya besked om dr\u00f6mhuset \u2013 s\u00e4ljer | N\u00f6je"},"content":{"rendered":"<p>Publicerad 29 sep 2025 kl 17.00<\/p>\n<p>Carina Berg leder \u201dBarncancergalan \u2013 det svenska humorpriset\u201d igen.\u00a0<\/p>\n<p>\u2013 Varje g\u00e5ng jag f\u00e5r fr\u00e5gan blir jag lika hedrad, s\u00e4ger hon.<\/p>\n<p>Samtidigt ber\u00e4ttar programledaren hur det g\u00e5r med husf\u00f6rs\u00e4ljningen \u2013\u00a0och om v\u00e4nnen Carolina Gynnings nya bebis.\u00a0<\/p>\n<p><img   alt=\"\"\/><\/p>\n<p>Carina Berg under Barncancergalan 2024.<\/p>\n<p>Foto: Karin T\u00f6rnblom\/TT \/ TT NYHETSBYR\u00c5N<\/p>\n<p>\u00d6ppna bild i helsk\u00e4rm<img loading=\"lazy\"   alt=\"\"\/><\/p>\n<p>Det blir tionde \u00e5ret i rad.<\/p>\n<p>Foto: Karin T\u00f6rnblom\/TT \/ TT NYHETSBYR\u00c5N<\/p>\n<p>\u00d6ppna bild i helsk\u00e4rm<img loading=\"lazy\"   alt=\"\"\/><\/p>\n<p>Erik Berg.<\/p>\n<p>Foto: Discovery +<\/p>\n<p>\u00d6ppna bild i helsk\u00e4rm<img loading=\"lazy\"   alt=\"\"\/><\/p>\n<p>Carina Berg.<\/p>\n<p>Foto: KARIN T\u00d6RNBLOM \/ IBL<\/p>\n<p>\u00d6ppna bild i helsk\u00e4rm<\/p>\n<p>Galan s\u00e4nds fr\u00e5n Berns i Stockholm och g\u00e5r att se i <a href=\"https:\/\/www.expressen.se\/tagg\/organization\/tv3\/\" class=\"\" rel=\"nofollow noopener\" target=\"_blank\">TV3<\/a> och Viaplay p\u00e5 m\u00e5ndagen klockan 20.00.<\/p>\n<p>Under kv\u00e4llen delas priser ut till komiker i kategorier som \u201d\u00c5rets humorprogram\u201d och \u201d\u00c5rets scenshow.\u201d Samtidigt samlas pengar in till barncancerforskning.<\/p>\n<p>Carina Berg, 47, programleder \u2013 f\u00f6r tionde \u00e5ret i rad.\u00a0<\/p>\n<p>Hon har skaffat sig m\u00e5nga minnen.<\/p>\n<p>En del sorgliga.<\/p>\n<p>Fick d\u00f6dsbesked av sju\u00e5ring<\/p>\n<p>Hon minns s\u00e4rskilt n\u00e4r hon blev kontaktad av en sju\u00e5ring, en v\u00e4n till ett barn som varit med i galan och sedan g\u00e5tt bort.<\/p>\n<p>\u2013 S\u00e5 fint att t\u00e4nka p\u00e5 mig i det l\u00e4get. \u201dHon pratade ju med min kompis d\u00e4r p\u00e5 galan, d\u00e5 k\u00e4nner de varandra\u201d, s\u00e5 blev det ju i barnets tankev\u00e4rld, s\u00e4ger Carina Berg.<\/p>\n<p>\u2013 Det var ett s\u00e5nt \u00f6gonblick man kommer ih\u00e5g. Man sitter och sl\u00f6l\u00e4ser mejl och s\u00e5 \u00e4r det en sju\u00e5ring som tagit p\u00e5 sig att ge ett d\u00f6dsbesked.<\/p>\n<p>Under tiden Carina Berg lett galan har barns d\u00f6dlighet i cancer minskat med flera procentenheter. Nu \u00f6verlever 85 procent av drabbade barn.<\/p>\n<p>\u2013 Ibland \u00e4r det klart jag kan t\u00e4nka \u201d\u00e5h vad tjatig du \u00e4r som tjatar p\u00e5 folk att bli barnsupporter\u201d. Men det spelar faktiskt ingen roll, f\u00f6r jag vet vad pengarna g\u00e5r till. D\u00e5 f\u00e5r jag tjata.<\/p>\n<p>\u201dS\u00e5 n\u00e4ra \u00e4r vi ju&#8230;\u201d<\/p>\n<p>Till vardags g\u00f6r Carina Berg bland annat podcast med v\u00e4nnen och kollegan Carolina Gynning, 46 \u2013 som nyligen f\u00f6dde sonen Gunnar. Henne fj\u00e4rde barn.<\/p>\n<p>Berg har \u00e4nnu inte tr\u00e4ffat Gunnar.<\/p>\n<p>\u2013 Jag har bara f\u00e5tt lyssna p\u00e5 honom i telefon, men det var ocks\u00e5 ljuvligt. I \u00f6vrigt \u00e4r ju vi s\u00e5na d\u00e4r som \u00e4r s\u00e5 \u201d\u00e5h, skicka en bild p\u00e5 dina br\u00f6stv\u00e5rtor nu, jajam\u00e4n, hur ser de ut nu n\u00e4r du b\u00f6rjar amma\u201d. S\u00e5 n\u00e4ra \u00e4r ju vi, s\u00e4ger Carina Berg med ett skratt.<\/p>\n<p>\u2013 Det \u00e4r v\u00e4ldigt m\u00e5nga bilder p\u00e5 Gunnar, men \u00e4ven p\u00e5 annat&#8230;<\/p>\n<p>Samtidigt f\u00f6rs\u00f6ker Carina och maken Erik Berg s\u00e4lja sitt hus i sk\u00e4rg\u00e5rden f\u00f6r 18,75 miljoner kronor.\u00a0<\/p>\n<p>F\u00f6r n\u00e5gra veckor sedan <a href=\"https:\/\/www.expressen.se\/noje\/darfor-saljer-carina-berg-skargardshuset-\/\" rel=\"nofollow noopener\" target=\"_blank\">var det visnin<\/a>g men \u00e4nnu \u00e4r det inte s\u00e5lt.\u00a0<\/p>\n<p>\u2013 Det klurar p\u00e5, vi f\u00e5r se hur det blir, s\u00e4ger Carina Berg.<\/p>\n<p><strong>L\u00c4S MER: <\/strong><a href=\"https:\/\/www.expressen.se\/noje\/darfor-saljer-carina-berg-skargardshuset-\/\" class=\"\" rel=\"nofollow noopener\" target=\"_blank\">D\u00e4rf\u00f6r s\u00e4ljer Carina Berg sk\u00e4rg\u00e5rdshuset<\/a><\/p>\n","protected":false},"excerpt":{"rendered":"Publicerad 29 sep 2025 kl 17.00 Carina Berg leder \u201dBarncancergalan \u2013 det svenska humorpriset\u201d igen.\u00a0 \u2013 Varje g\u00e5ng&hellip;\n","protected":false},"author":2,"featured_media":42791,"comment_status":"","ping_status":"","sticky":false,"template":"","format":"standard","meta":{"footnotes":""},"categories":[67],"tags":[104,4425,2543,3782,34,31,33,32,30,310,105],"class_list":{"0":"post-42790","1":"post","2":"type-post","3":"status-publish","4":"format-standard","5":"has-post-thumbnail","7":"category-underhallning","8":"tag-entertainment","9":"tag-organization-barncancergalan","10":"tag-organization-tv3","11":"tag-person-carolina-gynning","12":"tag-se","13":"tag-svenska","14":"tag-sverige","15":"tag-sweden","16":"tag-swedish","17":"tag-topic-kandisar","18":"tag-underhallning"},"share_on_mastodon":{"url":"","error":""},"_links":{"self":[{"href":"https:\/\/www.europesays.com\/se\/wp-json\/wp\/v2\/posts\/42790","targetHints":{"allow":["GET"]}}],"collection":[{"href":"https:\/\/www.europesays.com\/se\/wp-json\/wp\/v2\/posts"}],"about":[{"href":"https:\/\/www.europesays.com\/se\/wp-json\/wp\/v2\/types\/post"}],"author":[{"embeddable":true,"href":"https:\/\/www.europesays.com\/se\/wp-json\/wp\/v2\/users\/2"}],"replies":[{"embeddable":true,"href":"https:\/\/www.europesays.com\/se\/wp-json\/wp\/v2\/comments?post=42790"}],"version-history":[{"count":0,"href":"https:\/\/www.europesays.com\/se\/wp-json\/wp\/v2\/posts\/42790\/revisions"}],"wp:featuredmedia":[{"embeddable":true,"href":"https:\/\/www.europesays.com\/se\/wp-json\/wp\/v2\/media\/42791"}],"wp:attachment":[{"href":"https:\/\/www.europesays.com\/se\/wp-json\/wp\/v2\/media?parent=42790"}],"wp:term":[{"taxonomy":"category","embeddable":true,"href":"https:\/\/www.europesays.com\/se\/wp-json\/wp\/v2\/categories?post=42790"},{"taxonomy":"post_tag","embeddable":true,"href":"https:\/\/www.europesays.com\/se\/wp-json\/wp\/v2\/tags?post=42790"}],"curies":[{"name":"wp","href":"https:\/\/api.w.org\/{rel}","templated":true}]}}