{"id":42806,"date":"2025-09-29T16:19:17","date_gmt":"2025-09-29T16:19:17","guid":{"rendered":"https:\/\/www.europesays.com\/se\/42806\/"},"modified":"2025-09-29T16:19:17","modified_gmt":"2025-09-29T16:19:17","slug":"sista-minuten-mote-nedstangning-hotar-usa","status":"publish","type":"post","link":"https:\/\/www.europesays.com\/se\/42806\/","title":{"rendered":"Sista minuten-m\u00f6te \u2013 nedst\u00e4ngning hotar USA"},"content":{"rendered":"<p>Ingen av sidorna har dock visat n\u00e5got intresse av att b\u00f6ja sig.<\/p>\n<p>M\u00e5ndagens sista minuten-m\u00f6te med president Trump \u00e4r ett \u201df\u00f6rsta steg\u201d, uppger senatens minoritetsledare, demokraten Chuck Schumer.<\/p>\n<p>Men bara ett f\u00f6rsta steg. Vi beh\u00f6ver en seri\u00f6s f\u00f6rhandling, s\u00e4ger han i NBC:s \u201dMeet the press\u201d.<\/p>\n<p>Deadline f\u00f6r att n\u00e5 en \u00f6verenskommelse om USA:s statliga budget \u00e4r satt till midnatt tisdag 30 september.<\/p>\n<p>Om kongressen inte godk\u00e4nt ett f\u00f6rslag \u2013 och president Donald Trump inte skrivit under f\u00f6rslaget ifr\u00e5ga \u2013 innan dess kommer flera myndigheter att st\u00e4ngas och federala tj\u00e4nstem\u00e4n kommer att permitteras. Nedst\u00e4ngningen v\u00e4ntas kraftigt \u00f6ka belastningen p\u00e5 landets ekonomi.<\/p>\n<p>Republikanerna vill f\u00e5 Demokraterna att r\u00f6sta emot lagstiftning som i stort sett skulle h\u00e5lla den statliga finansieringen p\u00e5 nuvarande niv\u00e5er, men hittills har Demokraterna st\u00e5tt fast. De kr\u00e4ver i st\u00e4llet att kongressen antar lagstiftning som f\u00f6rl\u00e4nger de sjukv\u00e5rdsf\u00f6rm\u00e5ner som sedan pandemin gett miljoner amerikaner subventionerade sjukf\u00f6rs\u00e4kringar.<\/p>\n<p>Trump har dock visat noll intresse f\u00f6r de demokratiska kraven kring sjukv\u00e5rd. I st\u00e4llet har han upprepat sin f\u00f6rv\u00e4ntning p\u00e5 en full nedst\u00e4ngning av statsapparaten i veckan \u2013 och hotat med massupps\u00e4gningar om s\u00e5 sker.<\/p>\n<p>Om den m\u00e5ste st\u00e4nga s\u00e5 m\u00e5ste den st\u00e4nga, sade presidenten i fredags och lade skulden p\u00e5 Demokraterna.<\/p>\n","protected":false},"excerpt":{"rendered":"Ingen av sidorna har dock visat n\u00e5got intresse av att b\u00f6ja sig. M\u00e5ndagens sista minuten-m\u00f6te med president Trump&hellip;\n","protected":false},"author":2,"featured_media":42807,"comment_status":"","ping_status":"","sticky":false,"template":"","format":"standard","meta":{"footnotes":""},"categories":[65],"tags":[72,385,70,71,369,34,31,33,32,30,74],"class_list":{"0":"post-42806","1":"post","2":"type-post","3":"status-publish","4":"format-standard","5":"has-post-thumbnail","7":"category-ekonomi","8":"tag-business","9":"tag-donald-trump","10":"tag-economy","11":"tag-ekonomi","12":"tag-politik","13":"tag-se","14":"tag-svenska","15":"tag-sverige","16":"tag-sweden","17":"tag-swedish","18":"tag-usa"},"share_on_mastodon":{"url":"","error":""},"_links":{"self":[{"href":"https:\/\/www.europesays.com\/se\/wp-json\/wp\/v2\/posts\/42806","targetHints":{"allow":["GET"]}}],"collection":[{"href":"https:\/\/www.europesays.com\/se\/wp-json\/wp\/v2\/posts"}],"about":[{"href":"https:\/\/www.europesays.com\/se\/wp-json\/wp\/v2\/types\/post"}],"author":[{"embeddable":true,"href":"https:\/\/www.europesays.com\/se\/wp-json\/wp\/v2\/users\/2"}],"replies":[{"embeddable":true,"href":"https:\/\/www.europesays.com\/se\/wp-json\/wp\/v2\/comments?post=42806"}],"version-history":[{"count":0,"href":"https:\/\/www.europesays.com\/se\/wp-json\/wp\/v2\/posts\/42806\/revisions"}],"wp:featuredmedia":[{"embeddable":true,"href":"https:\/\/www.europesays.com\/se\/wp-json\/wp\/v2\/media\/42807"}],"wp:attachment":[{"href":"https:\/\/www.europesays.com\/se\/wp-json\/wp\/v2\/media?parent=42806"}],"wp:term":[{"taxonomy":"category","embeddable":true,"href":"https:\/\/www.europesays.com\/se\/wp-json\/wp\/v2\/categories?post=42806"},{"taxonomy":"post_tag","embeddable":true,"href":"https:\/\/www.europesays.com\/se\/wp-json\/wp\/v2\/tags?post=42806"}],"curies":[{"name":"wp","href":"https:\/\/api.w.org\/{rel}","templated":true}]}}