{"id":42808,"date":"2025-09-29T16:22:30","date_gmt":"2025-09-29T16:22:30","guid":{"rendered":"https:\/\/www.europesays.com\/se\/42808\/"},"modified":"2025-09-29T16:22:30","modified_gmt":"2025-09-29T16:22:30","slug":"poliser-doms-till-flera-ars-fangelse-kallas-europol-och-fbi-krim","status":"publish","type":"post","link":"https:\/\/www.europesays.com\/se\/42808\/","title":{"rendered":"Poliser d\u00f6ms till flera \u00e5rs f\u00e4ngelse \u2013 kallas \u201dEuropol\u201d och \u201dFBI\u201d | Krim"},"content":{"rendered":"<p>Publicerad 29 sep 2025 kl 11.17Uppdaterad kl 13.29<\/p>\n<p>Svea hovr\u00e4tt d\u00f6mer polism\u00e4nnen \u2013 som f\u00e5tt smeknamnen \u201dEuropol\u201d och \u201dFBI\u201d \u2013 f\u00f6r grovt narkotikabrott.<\/p>\n<p>De d\u00f6ms till f\u00e4ngelse i fyra \u00e5r respektive tre och ett halvt \u00e5r \u2013 och h\u00e4ktas tills f\u00e4ngelsestraffet kan verkst\u00e4llas.\u00a0<\/p>\n<p>\u2013\u00a0Vid p\u00e5f\u00f6ljdsbest\u00e4mningen har h\u00e4nsyn tagits till att de kommer att f\u00f6rlora sina anst\u00e4llningar som poliser, s\u00e4ger hovr\u00e4ttslagmannen Ragnar Palmkvist.<\/p>\n<p><img   alt=\"\"\/><\/p>\n<p>De d\u00f6mda poliserna kallas \u201dEuropol\u201d och \u201dFBI\u201d.<\/p>\n<p>Foto: POLISEN<\/p>\n<p>\u00d6ppna bild i helsk\u00e4rm<img loading=\"lazy\"   alt=\"\"\/> <\/p>\n<p>Foto: SVEN LINDWALL<\/p>\n<p>\u00d6ppna bild i helsk\u00e4rm<\/p>\n<p>I tingsr\u00e4tten d\u00f6mdes polism\u00e4nnen f\u00f6r grovt tj\u00e4nstefel, tj\u00e4nstefel och brott mot tystnadsplikt \u2013 men \u00e5klagaren ville \u00e4ven ha dem f\u00e4llda f\u00f6r grovt narkotikabrott och \u00f6verklagade.\u00a0<\/p>\n<p>Och p\u00e5 m\u00e5ndagen meddelade Svea hovr\u00e4tt att poliserna, som f\u00e5tt smeknamnen \u201dEuropol\u201d och \u201dFBI\u201d, d\u00f6ms ocks\u00e5 f\u00f6r det brottet.\u00a0<\/p>\n<p>Poliserna, som nu f\u00f6rlorar sina anst\u00e4llningar, d\u00f6ms till f\u00e4ngelse i fyra \u00e5r respektive tre och ett halvt \u00e5r. I tingsr\u00e4tten blev straffet f\u00e4ngelse i tv\u00e5 \u00e5r respektive ett \u00e5r och sex m\u00e5nader.<\/p>\n<p>Hovr\u00e4tten skriver nu att de \u00e5tg\u00e4rder som poliserna vidtagit \u2013 bland annat att packa om narkotikan i syfte att utpl\u00e5na fingeravtryck, fabricera utredningsmaterial och att under l\u00e5ng tid f\u00f6rvara ett stort narkotikaparti i en bostad \u2013 \u00e4r av s\u00e5dan karakt\u00e4r att det inte rimligen kan anses ha skett inom ramen f\u00f6r polisens brottsutredande verksamhet.<\/p>\n<p>\u201dSnarare verkar \u00e5tg\u00e4rderna ha syftat till att d\u00f6lja narkotikans existens f\u00f6r andra poliser\u201d, skriver hovr\u00e4tten.<\/p>\n<p>Agerandet har inte varit f\u00f6rankrat hos chefer och inte heller utgjort en vedertagen arbetsmetod inom polisen.<\/p>\n<p>Enligt domstolen kan polism\u00e4nnens handlande \u201dstarkt ifr\u00e5gas\u00e4ttas utifr\u00e5n allm\u00e4nna r\u00e4ttss\u00e4kerhetssynpunkter och grundl\u00e4ggande etiska principer inom r\u00e4ttsv\u00e4sendet\u201d.<\/p>\n<p>\u201dSom f\u00f6rsv\u00e5rande omst\u00e4ndigheter ska beaktas att de missbrukat samh\u00e4llets f\u00f6rtroende och utnyttjat sin st\u00e4llning som poliser.\u201d<\/p>\n<p>\u2013 Agerandet kan inte anses ha skett inom ramen f\u00f6r Polismyndighetens verksamhet och hanteringen av narkotikan har inte utgjort ett beslag i r\u00e4tteg\u00e5ngsbalkens mening. De tilltalade m\u00e5ste ha insett att de inte hade r\u00e4tt att hantera narkotikan p\u00e5 det s\u00e4tt som skedde, s\u00e4ger hovr\u00e4ttslagmannen Ragnar Palmkvist, en av de domare som d\u00f6mt i hovr\u00e4tten.<\/p>\n<p>En av juristerna anm\u00e4lde skiljaktig mening. Han ans\u00e5g att poliserna borde d\u00f6mas till f\u00e4ngelse i tre \u00e5r respektive tv\u00e5 \u00e5r och tre m\u00e5nader.\u00a0<\/p>\n","protected":false},"excerpt":{"rendered":"Publicerad 29 sep 2025 kl 11.17Uppdaterad kl 13.29 Svea hovr\u00e4tt d\u00f6mer polism\u00e4nnen \u2013 som f\u00e5tt smeknamnen \u201dEuropol\u201d och&hellip;\n","protected":false},"author":2,"featured_media":42809,"comment_status":"","ping_status":"","sticky":false,"template":"","format":"standard","meta":{"footnotes":""},"categories":[5],"tags":[22,23,26,27,17,21,24,25,28,29,15,16,18,34,666,31,33,32,30,19,20],"class_list":{"0":"post-42808","1":"post","2":"type-post","3":"status-publish","4":"format-standard","5":"has-post-thumbnail","7":"category-rubriker","8":"tag-breaking-news","9":"tag-breakingnews","10":"tag-featured-news","11":"tag-featurednews","12":"tag-headlines","13":"tag-huvudnyheter","14":"tag-latest-news","15":"tag-latestnews","16":"tag-main-news","17":"tag-mainnews","18":"tag-news","19":"tag-nyheter","20":"tag-rubriker","21":"tag-se","22":"tag-sections-krim","23":"tag-svenska","24":"tag-sverige","25":"tag-sweden","26":"tag-swedish","27":"tag-top-stories","28":"tag-topstories"},"share_on_mastodon":{"url":"","error":""},"_links":{"self":[{"href":"https:\/\/www.europesays.com\/se\/wp-json\/wp\/v2\/posts\/42808","targetHints":{"allow":["GET"]}}],"collection":[{"href":"https:\/\/www.europesays.com\/se\/wp-json\/wp\/v2\/posts"}],"about":[{"href":"https:\/\/www.europesays.com\/se\/wp-json\/wp\/v2\/types\/post"}],"author":[{"embeddable":true,"href":"https:\/\/www.europesays.com\/se\/wp-json\/wp\/v2\/users\/2"}],"replies":[{"embeddable":true,"href":"https:\/\/www.europesays.com\/se\/wp-json\/wp\/v2\/comments?post=42808"}],"version-history":[{"count":0,"href":"https:\/\/www.europesays.com\/se\/wp-json\/wp\/v2\/posts\/42808\/revisions"}],"wp:featuredmedia":[{"embeddable":true,"href":"https:\/\/www.europesays.com\/se\/wp-json\/wp\/v2\/media\/42809"}],"wp:attachment":[{"href":"https:\/\/www.europesays.com\/se\/wp-json\/wp\/v2\/media?parent=42808"}],"wp:term":[{"taxonomy":"category","embeddable":true,"href":"https:\/\/www.europesays.com\/se\/wp-json\/wp\/v2\/categories?post=42808"},{"taxonomy":"post_tag","embeddable":true,"href":"https:\/\/www.europesays.com\/se\/wp-json\/wp\/v2\/tags?post=42808"}],"curies":[{"name":"wp","href":"https:\/\/api.w.org\/{rel}","templated":true}]}}