{"id":42992,"date":"2025-09-29T22:04:07","date_gmt":"2025-09-29T22:04:07","guid":{"rendered":"https:\/\/www.europesays.com\/se\/42992\/"},"modified":"2025-09-29T22:04:07","modified_gmt":"2025-09-29T22:04:07","slug":"sverige-maste-nu-kraftsamla-mot-ip-tv","status":"publish","type":"post","link":"https:\/\/www.europesays.com\/se\/42992\/","title":{"rendered":"Sverige m\u00e5ste nu kraftsamla mot ip-tv"},"content":{"rendered":"<p>Illegal ip-tv, som anv\u00e4nds av \u00f6ver en halv miljon svenskar, \u00e4r ett alldeles f\u00f6r stort problem f\u00f6r Sverige f\u00f6r att det ska f\u00e5 forts\u00e4tta. Det skriver utredarna som arbetat med fr\u00e5gan p\u00e5 uppdrag av regeringen p\u00e5 SvD Debatt. <\/p>\n<p>Till att b\u00f6rja med m\u00e5ste det g\u00f6ras tydligare f\u00f6r det svenska folket att det \u00e4r olagligt att konsumera inneh\u00e5ll genom ip-tv. Dessutom m\u00e5ste det allm\u00e4nna kraftsamla genom andra \u00e5tg\u00e4rder. <\/p>\n<p>\u201dMyndigheter som Skatteverket och Polisen m\u00e5ste kunna prioritera \u00e4renden som avser dessa olagliga tj\u00e4nster\u201d, st\u00e5r det i texten. <\/p>\n<p>Utredarna vill ocks\u00e5 att regeringen b\u00f6r titta p\u00e5 m\u00f6jligheterna att st\u00e4nga ner olovliga s\u00e4ndningar under p\u00e5g\u00e5ende evenemang, s\u00e5 kallad liveblockering. \u00c5tg\u00e4rderna m\u00e5ste kunna genomf\u00f6ras skyndsamt, menar de. <\/p>\n<p>Omni \u00e4r politiskt obundna och oberoende. Vi str\u00e4var efter att ge fler perspektiv p\u00e5 nyheterna. Har du fr\u00e5gor eller synpunkter kring v\u00e5r rapportering? <a href=\"https:\/\/omni.se\/utredare-sverige-maste-nu-kraftsamla-mot-ip-tv\/a\/mailto:redaktion@omni.se\" class=\"ArticleActions_contactLink__W2F1M\" rel=\"nofollow noopener\" target=\"_blank\">Kontakta redaktionen<\/a><\/p>\n","protected":false},"excerpt":{"rendered":"Illegal ip-tv, som anv\u00e4nds av \u00f6ver en halv miljon svenskar, \u00e4r ett alldeles f\u00f6r stort problem f\u00f6r Sverige&hellip;\n","protected":false},"author":2,"featured_media":42993,"comment_status":"","ping_status":"","sticky":false,"template":"","format":"standard","meta":{"footnotes":""},"categories":[5],"tags":[22,23,128,26,27,17,21,4443,2872,24,25,28,29,15,16,1274,369,18,34,847,31,33,32,30,19,20],"class_list":{"0":"post-42992","1":"post","2":"type-post","3":"status-publish","4":"format-standard","5":"has-post-thumbnail","7":"category-rubriker","8":"tag-breaking-news","9":"tag-breakingnews","10":"tag-brott","11":"tag-featured-news","12":"tag-featurednews","13":"tag-headlines","14":"tag-huvudnyheter","15":"tag-ip-tv","16":"tag-kulturpolitik","17":"tag-latest-news","18":"tag-latestnews","19":"tag-main-news","20":"tag-mainnews","21":"tag-news","22":"tag-nyheter","23":"tag-polisen","24":"tag-politik","25":"tag-rubriker","26":"tag-se","27":"tag-skatteverket","28":"tag-svenska","29":"tag-sverige","30":"tag-sweden","31":"tag-swedish","32":"tag-top-stories","33":"tag-topstories"},"share_on_mastodon":{"url":"","error":""},"_links":{"self":[{"href":"https:\/\/www.europesays.com\/se\/wp-json\/wp\/v2\/posts\/42992","targetHints":{"allow":["GET"]}}],"collection":[{"href":"https:\/\/www.europesays.com\/se\/wp-json\/wp\/v2\/posts"}],"about":[{"href":"https:\/\/www.europesays.com\/se\/wp-json\/wp\/v2\/types\/post"}],"author":[{"embeddable":true,"href":"https:\/\/www.europesays.com\/se\/wp-json\/wp\/v2\/users\/2"}],"replies":[{"embeddable":true,"href":"https:\/\/www.europesays.com\/se\/wp-json\/wp\/v2\/comments?post=42992"}],"version-history":[{"count":0,"href":"https:\/\/www.europesays.com\/se\/wp-json\/wp\/v2\/posts\/42992\/revisions"}],"wp:featuredmedia":[{"embeddable":true,"href":"https:\/\/www.europesays.com\/se\/wp-json\/wp\/v2\/media\/42993"}],"wp:attachment":[{"href":"https:\/\/www.europesays.com\/se\/wp-json\/wp\/v2\/media?parent=42992"}],"wp:term":[{"taxonomy":"category","embeddable":true,"href":"https:\/\/www.europesays.com\/se\/wp-json\/wp\/v2\/categories?post=42992"},{"taxonomy":"post_tag","embeddable":true,"href":"https:\/\/www.europesays.com\/se\/wp-json\/wp\/v2\/tags?post=42992"}],"curies":[{"name":"wp","href":"https:\/\/api.w.org\/{rel}","templated":true}]}}