{"id":43020,"date":"2025-09-29T23:06:07","date_gmt":"2025-09-29T23:06:07","guid":{"rendered":"https:\/\/www.europesays.com\/se\/43020\/"},"modified":"2025-09-29T23:06:07","modified_gmt":"2025-09-29T23:06:07","slug":"96-kmstort-hal-i-dronarmuren","status":"publish","type":"post","link":"https:\/\/www.europesays.com\/se\/43020\/","title":{"rendered":"96 km\nstort h\u00e5l i \u201ddr\u00f6narmuren\u201d"},"content":{"rendered":"<p>Publicerad 29 sep 2025 kl 21.41Uppdaterad 30 sep kl 01.02<\/p>\n<p>EU vill inf\u00f6ra en \u201ddr\u00f6narmur\u201d l\u00e4ngs med alliansens \u00f6stra gr\u00e4ns.<\/p>\n<p>Men det finns ett 96 kilometer l\u00e5ngt h\u00e5l i v\u00e4ggen: Ungern.<\/p>\n<p>\u2013 Utan Ungern skulle EU:s dr\u00f6narmur i praktiken vara en Maginotlinje i skyn, s\u00e4ger f\u00f6rsvarsexperten Jessica Berlin till <a href=\"https:\/\/www.telegraph.co.uk\/world-news\/2025\/09\/25\/hole-europes-drone-defence-russia-hungary\/\" rel=\"nofollow noopener\" target=\"_blank\">The Telegraph.\u00a0<\/a><\/p>\n<p>Senaste nyhetsklippen fr\u00e5n Expressen.<img   alt=\"\"\/><\/p>\n<p>Viktor Orb\u00e1n.<\/p>\n<p>Foto: NICOLAS MAETERLINCK \/ STELLA PICTURES\/ZUMA PRESS ZUMA PRESS<\/p>\n<p>\u00d6ppna bild i helsk\u00e4rm<img loading=\"lazy\"   alt=\"\"\/><\/p>\n<p>Vladimir Putin.<\/p>\n<p>Foto: RAMIL SITDIKOV \/ AP TT NYHETSBYR\u00c5N<\/p>\n<p>\u00d6ppna bild i helsk\u00e4rm<img loading=\"lazy\"   alt=\"\"\/><\/p>\n<p>Skylt om dr\u00f6narfri zon i K\u00f6penhamn.<\/p>\n<p>Foto: Kristian Tuxen Ladegaard Berg\/NURPHOTO\/SHUTTERSTOCK \/ SHUTTERSTOCK EDITORIAL\/IBL<\/p>\n<p>\u00d6ppna bild i helsk\u00e4rm<\/p>\n<p>De senaste veckornas dr\u00f6narincidenter i norra Europa har f\u00e5tt EU att agera.<\/p>\n<p>I veckan meddelade EU-chefen Ursula Von der Leyen att hon vill att alliansen ska skapa en \u201ddr\u00f6narmur\u201d l\u00e4ngs med den \u00f6stra gr\u00e4nsen f\u00f6r att stoppa <a href=\"https:\/\/www.expressen.se\/tagg\/location\/ryssland\/\" class=\"\" rel=\"nofollow noopener\" target=\"_blank\">Ryssland<\/a>.<\/p>\n<p>Men alla l\u00e4nder utom ett \u00e4r ombord.<\/p>\n<p>\u2013 Vi ser redan de l\u00e5ngsiktiga konsekvenserna av Ungerns ideologiska n\u00e4rhet till Ryssland, s\u00e4ger statsvetaren Carlo Masala till <a href=\"https:\/\/www.telegraph.co.uk\/world-news\/2025\/09\/25\/hole-europes-drone-defence-russia-hungary\/\" rel=\"nofollow noopener\" target=\"_blank\">The Telegraph.<\/a>\u00a0<\/p>\n<p>Tackat nej till att delta<\/p>\n<p>Dr\u00f6narmuren ska utg\u00f6ras av samtliga Nato- och EU-l\u00e4nder l\u00e4ngs med EU:s \u00f6stra gr\u00e4ns mot Belarus, Ukraina och Ryssland.<\/p>\n<p>De l\u00e4nderna \u00e4r Finland, Estland, Lettland, Litauen, Polen, Slovakien, Rum\u00e4nien, Bulgarien och Ungern.<\/p>\n<p>Men de sistn\u00e4mnda, med Viktor Orb\u00e1n i spetsen, \u00e4r inte s\u00e5 v\u00e4rst pigga p\u00e5 att irritera Kreml.<\/p>\n<p>Enligt The Telegraphs uppgifter ska samtliga l\u00e4nder delta i ett f\u00f6rsta m\u00f6te kring dr\u00f6narmuren p\u00e5 fredag. Ungern har enligt tidningen tackat nej till att delta.<\/p>\n<p>\u2013 Utan Ungern skulle EU:s dr\u00f6narmur i praktiken vara en Maginotlinje i skyn, s\u00e4ger f\u00f6rsvarsexperten Jessica Berlin.<\/p>\n<p>Kan l\u00e4gga in veto<\/p>\n<p>Maginot-linjen var en l\u00e5ng rad av bef\u00e4stningar och f\u00f6rsvarsanl\u00e4ggningar som Frankrike byggde l\u00e4ngs gr\u00e4nsen mot Tyskland under 1930-talet. Syftet var att skydda landet mot en tysk invasion efter f\u00f6rsta v\u00e4rldskriget.<\/p>\n<p>Men linjen t\u00e4ckte bara gr\u00e4nsen mot Tyskland, s\u00e5 tyskarna kunde enkelt g\u00e5 runt den via Belgien och snabbt besegra Frankrike i maj 1940.<\/p>\n<p>\u2013 Oavsett om det g\u00e4ller milit\u00e4ra beslut inom EU, som att st\u00e4rka luftf\u00f6rsvaret, eller att inf\u00f6ra sanktioner mot Ryssland, \u00e4r Ungern f\u00f6rst\u00e5s en stor oro eftersom landet kan anv\u00e4nda sitt veto f\u00f6r att blockera s\u00e5dana beslut, s\u00e4ger Carlo Masala, tidigare bitr\u00e4dande chef f\u00f6r Natos f\u00f6rsvarsh\u00f6gskola i Rom, till <a href=\"https:\/\/www.politico.eu\/article\/german-defense-minister-boris-pistorius-skeptical-drone-wall-russia-airspace-violation\/\" rel=\"nofollow noopener\" target=\"_blank\">Politico<\/a>.<\/p>\n<p>Orb\u00e1n: \u201dUkraina \u00e4r inte ett sj\u00e4lvst\u00e4ndigt land\u201d<\/p>\n<p>I f\u00f6rra veckan anklagade Ukraina Ungern f\u00f6r att ha skickat dr\u00f6nare in \u00f6ver landet. Enligt Ukraina ska en ungersk dr\u00f6nare ha flugit s\u00e5 l\u00e5ngt som 30 kilometer in i v\u00e4stra Ukraina.<\/p>\n<p>\u2013 Den ukrainska milit\u00e4ren registrerade att spaningsdr\u00f6nare fl\u00f6g in i v\u00e5rt luftrum, och dessa \u00e4r troligen ungerska dr\u00f6nare, sa Zelenskyj d\u00e5 enligt <a href=\"https:\/\/suspilne.media\/1124611-ugorsina-mogla-zapustiti-droni-u-prikordonnih-rajonah-ukraini-zelenskij\/\" rel=\"nofollow noopener\" target=\"_blank\">ukrainska medier.<\/a><\/p>\n<p>Ungerns utrikesminister P\u00e9ter Szijj\u00e1rt\u00f3 svarade med att kalla Zelenskyj \u201dgalen\u201d.<\/p>\n<p>\u201dZelenskyj h\u00e5ller p\u00e5 att tappa f\u00f6rst\u00e5ndet p\u00e5 grund av sin anti-ungerska besatthet. Han b\u00f6rjar se saker som egentligen inte finns,\u201d skrev Szijj\u00e1rt\u00f3 p\u00e5 <a href=\"https:\/\/x.com\/FM_Szijjarto\/status\/1971584456592073083\" rel=\"nofollow\">X<\/a>.<\/p>\n<p>P\u00e5 m\u00e5ndagen svarade Orb\u00e1n i en intervju med ungersk statstelevision.<\/p>\n<p>\u2013 Jag litar p\u00e5 mina ministrar, men l\u00e5t oss s\u00e4ga att den faktiskt skulle ha flugit n\u00e5gra meter d\u00e4r \u2013 och vad d\u00e5? Ukraina \u00e4r inte ett sj\u00e4lvst\u00e4ndigt land. Ukraina \u00e4r inte ett suver\u00e4nt land, Ukraina finansieras av oss, v\u00e4st ger dem pengar och vapen, s\u00e4ger Orb\u00e1n enligt <a href=\"https:\/\/www.reuters.com\/world\/hungarys-orban-says-ukraine-is-not-sovereign-drone-row-deepens-2025-09-29\/\" rel=\"nofollow noopener\" target=\"_blank\">Reuters<\/a>.<\/p>\n<p><strong>L\u00c4S MER: <\/strong><a href=\"https:\/\/www.expressen.se\/nyheter\/politik\/s-dronarkrav-infor-motet-med-kristersson\/\" class=\"\" rel=\"nofollow noopener\" target=\"_blank\">S dr\u00f6narkrav inf\u00f6r m\u00f6tet med Kristersson<\/a><strong>L\u00c4S MER: <\/strong><a href=\"https:\/\/www.expressen.se\/nyheter\/varlden\/planen-mot-putin-ny-dronarmur\/\" class=\"\" rel=\"nofollow noopener\" target=\"_blank\">Planen mot Putin \u2013 ny dr\u00f6narmur<\/a><strong>L\u00c4S MER: <\/strong><a href=\"https:\/\/www.expressen.se\/nyheter\/varlden\/hundratals-dronare-mot-ukraina-riksdagsledamot-i-skyddsbunker\/\" class=\"\" rel=\"nofollow noopener\" target=\"_blank\">Hundratals dr\u00f6nare mot Ukraina \u2013 riksdagsledamot i skyddsbunker<\/a>Filmen visar \u2013 s\u00e5 fl\u00f6g fr\u00e4mmande farkosterna i K\u00f6penhamn.<\/p>\n","protected":false},"excerpt":{"rendered":"Publicerad 29 sep 2025 kl 21.41Uppdaterad 30 sep kl 01.02 EU vill inf\u00f6ra en \u201ddr\u00f6narmur\u201d l\u00e4ngs med alliansens&hellip;\n","protected":false},"author":2,"featured_media":43021,"comment_status":"","ping_status":"","sticky":false,"template":"","format":"standard","meta":{"footnotes":""},"categories":[14],"tags":[50,22,23,26,27,17,21,24,25,274,28,29,15,16,1401,1339,906,18,34,55,31,33,32,30,19,60,49,20,51,52,53,54],"class_list":{"0":"post-43020","1":"post","2":"type-post","3":"status-publish","4":"format-standard","5":"has-post-thumbnail","7":"category-varlden","8":"tag-arme-forsvar","9":"tag-breaking-news","10":"tag-breakingnews","11":"tag-featured-news","12":"tag-featurednews","13":"tag-headlines","14":"tag-huvudnyheter","15":"tag-latest-news","16":"tag-latestnews","17":"tag-location-ryssland","18":"tag-main-news","19":"tag-mainnews","20":"tag-news","21":"tag-nyheter","22":"tag-organization-nato","23":"tag-person-viktor-orban","24":"tag-person-volodymyr-zelenskyj","25":"tag-rubriker","26":"tag-se","27":"tag-sections-varlden","28":"tag-svenska","29":"tag-sverige","30":"tag-sweden","31":"tag-swedish","32":"tag-top-stories","33":"tag-topic-krig-konflikt","34":"tag-topic-militar","35":"tag-topstories","36":"tag-varlden","37":"tag-world","38":"tag-world-news","39":"tag-worldnews"},"share_on_mastodon":{"url":"","error":""},"_links":{"self":[{"href":"https:\/\/www.europesays.com\/se\/wp-json\/wp\/v2\/posts\/43020","targetHints":{"allow":["GET"]}}],"collection":[{"href":"https:\/\/www.europesays.com\/se\/wp-json\/wp\/v2\/posts"}],"about":[{"href":"https:\/\/www.europesays.com\/se\/wp-json\/wp\/v2\/types\/post"}],"author":[{"embeddable":true,"href":"https:\/\/www.europesays.com\/se\/wp-json\/wp\/v2\/users\/2"}],"replies":[{"embeddable":true,"href":"https:\/\/www.europesays.com\/se\/wp-json\/wp\/v2\/comments?post=43020"}],"version-history":[{"count":0,"href":"https:\/\/www.europesays.com\/se\/wp-json\/wp\/v2\/posts\/43020\/revisions"}],"wp:featuredmedia":[{"embeddable":true,"href":"https:\/\/www.europesays.com\/se\/wp-json\/wp\/v2\/media\/43021"}],"wp:attachment":[{"href":"https:\/\/www.europesays.com\/se\/wp-json\/wp\/v2\/media?parent=43020"}],"wp:term":[{"taxonomy":"category","embeddable":true,"href":"https:\/\/www.europesays.com\/se\/wp-json\/wp\/v2\/categories?post=43020"},{"taxonomy":"post_tag","embeddable":true,"href":"https:\/\/www.europesays.com\/se\/wp-json\/wp\/v2\/tags?post=43020"}],"curies":[{"name":"wp","href":"https:\/\/api.w.org\/{rel}","templated":true}]}}