{"id":43024,"date":"2025-09-29T23:14:08","date_gmt":"2025-09-29T23:14:08","guid":{"rendered":"https:\/\/www.europesays.com\/se\/43024\/"},"modified":"2025-09-29T23:14:08","modified_gmt":"2025-09-29T23:14:08","slug":"israels-styrkor-avancerar-narmar-sig-gazas-sjukhus","status":"publish","type":"post","link":"https:\/\/www.europesays.com\/se\/43024\/","title":{"rendered":"Israels styrkor avancerar \u2013 n\u00e4rmar sig Gazas sjukhus"},"content":{"rendered":"<p>Israeliska stridsvagnar har under m\u00e5ndagen r\u00f6rt sig allt l\u00e4ngre in i Gaza stad och befinner sig nu bara n\u00e5gra hundra meter fr\u00e5n stadens st\u00f6rsta sjukhus, rapporterar Reuters. <\/p>\n<p>P\u00e5 sjukhuset v\u00e5rdas fortfarande hundratals patienter, trots Israels order om att staden ska t\u00f6mmas p\u00e5 civila. \u00c4ven ett annat sjukhus d\u00e4r 90 patienter v\u00e5rdas har omringats. Flera av patienterna \u00e4r sp\u00e4dbarn i kuv\u00f6ser. Enligt personalen besk\u00f6ts sjukhuset under natten. <\/p>\n<p>Samtidigt f\u00f6rbereder sig USA:s Donald Trump och Israels Benjamin Netanyahu f\u00f6r ett m\u00f6te i Vita huset, d\u00e4r de ska diskutera Trumps senaste fredsplan. <\/p>\n<p>Abu Abdallah som med familjen tagit skydd i ett t\u00e4lt vid Gaza stads kustremsa s\u00e4ger att han t\u00e4nker inv\u00e4nta resultatet av m\u00f6tet innan han bes\u00e4mmer sig f\u00f6r att l\u00e4mna staden. <\/p>\n<p>\u2013 Antingen blir det fred, eller s\u00e5 kommer Gaza stad att totalf\u00f6rst\u00f6ras som Rafah, s\u00e4ger han. <\/p>\n<p>Omni \u00e4r politiskt obundna och oberoende. Vi str\u00e4var efter att ge fler perspektiv p\u00e5 nyheterna. Har du fr\u00e5gor eller synpunkter kring v\u00e5r rapportering? <a href=\"https:\/\/omni.se\/israels-styrkor-avancerar-narmar-sig-gazas-sjukhus\/a\/mailto:redaktion@omni.se\" class=\"ArticleActions_contactLink__W2F1M\" rel=\"nofollow noopener\" target=\"_blank\">Kontakta redaktionen<\/a><\/p>\n","protected":false},"excerpt":{"rendered":"Israeliska stridsvagnar har under m\u00e5ndagen r\u00f6rt sig allt l\u00e4ngre in i Gaza stad och befinner sig nu bara&hellip;\n","protected":false},"author":2,"featured_media":43025,"comment_status":"","ping_status":"","sticky":false,"template":"","format":"standard","meta":{"footnotes":""},"categories":[14],"tags":[1044,22,23,385,26,27,121,17,21,342,24,25,28,29,124,125,15,16,123,18,34,31,33,32,30,19,20,51,52,53,54],"class_list":{"0":"post-43024","1":"post","2":"type-post","3":"status-publish","4":"format-standard","5":"has-post-thumbnail","7":"category-varlden","8":"tag-benjamin-netanyahu","9":"tag-breaking-news","10":"tag-breakingnews","11":"tag-donald-trump","12":"tag-featured-news","13":"tag-featurednews","14":"tag-gaza","15":"tag-headlines","16":"tag-huvudnyheter","17":"tag-israel","18":"tag-latest-news","19":"tag-latestnews","20":"tag-main-news","21":"tag-mainnews","22":"tag-mellanostern","23":"tag-mellanosternkrisen","24":"tag-news","25":"tag-nyheter","26":"tag-palestina","27":"tag-rubriker","28":"tag-se","29":"tag-svenska","30":"tag-sverige","31":"tag-sweden","32":"tag-swedish","33":"tag-top-stories","34":"tag-topstories","35":"tag-varlden","36":"tag-world","37":"tag-world-news","38":"tag-worldnews"},"share_on_mastodon":{"url":"","error":""},"_links":{"self":[{"href":"https:\/\/www.europesays.com\/se\/wp-json\/wp\/v2\/posts\/43024","targetHints":{"allow":["GET"]}}],"collection":[{"href":"https:\/\/www.europesays.com\/se\/wp-json\/wp\/v2\/posts"}],"about":[{"href":"https:\/\/www.europesays.com\/se\/wp-json\/wp\/v2\/types\/post"}],"author":[{"embeddable":true,"href":"https:\/\/www.europesays.com\/se\/wp-json\/wp\/v2\/users\/2"}],"replies":[{"embeddable":true,"href":"https:\/\/www.europesays.com\/se\/wp-json\/wp\/v2\/comments?post=43024"}],"version-history":[{"count":0,"href":"https:\/\/www.europesays.com\/se\/wp-json\/wp\/v2\/posts\/43024\/revisions"}],"wp:featuredmedia":[{"embeddable":true,"href":"https:\/\/www.europesays.com\/se\/wp-json\/wp\/v2\/media\/43025"}],"wp:attachment":[{"href":"https:\/\/www.europesays.com\/se\/wp-json\/wp\/v2\/media?parent=43024"}],"wp:term":[{"taxonomy":"category","embeddable":true,"href":"https:\/\/www.europesays.com\/se\/wp-json\/wp\/v2\/categories?post=43024"},{"taxonomy":"post_tag","embeddable":true,"href":"https:\/\/www.europesays.com\/se\/wp-json\/wp\/v2\/tags?post=43024"}],"curies":[{"name":"wp","href":"https:\/\/api.w.org\/{rel}","templated":true}]}}