{"id":43066,"date":"2025-09-30T01:30:34","date_gmt":"2025-09-30T01:30:34","guid":{"rendered":"https:\/\/www.europesays.com\/se\/43066\/"},"modified":"2025-09-30T01:30:34","modified_gmt":"2025-09-30T01:30:34","slug":"fordonsunderlevarantoren-first-brands-ansoker-om-konkursskydd","status":"publish","type":"post","link":"https:\/\/www.europesays.com\/se\/43066\/","title":{"rendered":"Fordonsunderlevarant\u00f6ren First Brands ans\u00f6ker om konkursskydd"},"content":{"rendered":"<p>&#13;<br \/>\n                        Ans\u00f6kan g\u00f6rs efter att l\u00e5ngivare f\u00f6rlorat f\u00f6rtroendet f\u00f6r tillf\u00f6rlitligheten i bolagets finansiella rapporter och dess anv\u00e4ndning av skulder utanf\u00f6r balansr\u00e4kningen, skriver Wall Street Journal.<\/p>\n<p>F\u00f6r att r\u00e4tta till problemen har det privat\u00e4gda f\u00f6retaget anlitat oberoende styrelseledam\u00f6ter f\u00f6r att utv\u00e4rdera finansieringsarrangemangen utanf\u00f6r balansr\u00e4kningen, vilka uppg\u00e5r till miljarder, enligt k\u00e4llor till aff\u00e4rstidningen.<\/p>\n<p>First Brands levererar bildelar som bromskomponenter, torkarblad och t\u00e4ndstift. F\u00f6retaget v\u00e4xte snabbt de senaste \u00e5ren genom en rad varum\u00e4rkesf\u00f6rv\u00e4rv. Huvudkontoret ligger i Rochester, Michigan.&#13;\n                    <\/p>\n","protected":false},"excerpt":{"rendered":"&#13; Ans\u00f6kan g\u00f6rs efter att l\u00e5ngivare f\u00f6rlorat f\u00f6rtroendet f\u00f6r tillf\u00f6rlitligheten i bolagets finansiella rapporter och dess anv\u00e4ndning av&hellip;\n","protected":false},"author":2,"featured_media":43067,"comment_status":"","ping_status":"","sticky":false,"template":"","format":"standard","meta":{"footnotes":""},"categories":[65],"tags":[72,70,71,454,453,451,452,34,31,33,32,30,455],"class_list":{"0":"post-43066","1":"post","2":"type-post","3":"status-publish","4":"format-standard","5":"has-post-thumbnail","7":"category-ekonomi","8":"tag-business","9":"tag-economy","10":"tag-ekonomi","11":"tag-ekonomisk-analys","12":"tag-finans","13":"tag-finansiella-nyheter","14":"tag-investera","15":"tag-se","16":"tag-svenska","17":"tag-sverige","18":"tag-sweden","19":"tag-swedish","20":"tag-trading"},"share_on_mastodon":{"url":"","error":""},"_links":{"self":[{"href":"https:\/\/www.europesays.com\/se\/wp-json\/wp\/v2\/posts\/43066","targetHints":{"allow":["GET"]}}],"collection":[{"href":"https:\/\/www.europesays.com\/se\/wp-json\/wp\/v2\/posts"}],"about":[{"href":"https:\/\/www.europesays.com\/se\/wp-json\/wp\/v2\/types\/post"}],"author":[{"embeddable":true,"href":"https:\/\/www.europesays.com\/se\/wp-json\/wp\/v2\/users\/2"}],"replies":[{"embeddable":true,"href":"https:\/\/www.europesays.com\/se\/wp-json\/wp\/v2\/comments?post=43066"}],"version-history":[{"count":0,"href":"https:\/\/www.europesays.com\/se\/wp-json\/wp\/v2\/posts\/43066\/revisions"}],"wp:featuredmedia":[{"embeddable":true,"href":"https:\/\/www.europesays.com\/se\/wp-json\/wp\/v2\/media\/43067"}],"wp:attachment":[{"href":"https:\/\/www.europesays.com\/se\/wp-json\/wp\/v2\/media?parent=43066"}],"wp:term":[{"taxonomy":"category","embeddable":true,"href":"https:\/\/www.europesays.com\/se\/wp-json\/wp\/v2\/categories?post=43066"},{"taxonomy":"post_tag","embeddable":true,"href":"https:\/\/www.europesays.com\/se\/wp-json\/wp\/v2\/tags?post=43066"}],"curies":[{"name":"wp","href":"https:\/\/api.w.org\/{rel}","templated":true}]}}