{"id":43134,"date":"2025-09-30T05:22:11","date_gmt":"2025-09-30T05:22:11","guid":{"rendered":"https:\/\/www.europesays.com\/se\/43134\/"},"modified":"2025-09-30T05:22:11","modified_gmt":"2025-09-30T05:22:11","slug":"modell-gripen-efterstyckmord-pa-pojkvan","status":"publish","type":"post","link":"https:\/\/www.europesays.com\/se\/43134\/","title":{"rendered":"Modell gripen efter\nstyckmord p\u00e5 pojkv\u00e4n"},"content":{"rendered":"<p>Publicerad 30 sep 2025 kl 02.52Uppdaterad kl 04.13<\/p>\n<p>En musiker hittades styckm\u00f6rdad i Mexiko.<\/p>\n<p>Nu har hans modell-flickv\u00e4n gripits, skriver <a href=\"https:\/\/elpais.com\/mexico\/2025-09-26\/detenida-la-actriz-venezolana-angie-miller-por-el-caso-sobre-la-muerte-de-b-king-y-regio-clown-en-mexico.html\" rel=\"nofollow noopener\" target=\"_blank\">El Pais<\/a>.<\/p>\n<p>Senaste nyhetsklippen fr\u00e5n Expressen.<img   alt=\"\"\/><\/p>\n<p>Angie Miller.<\/p>\n<p>\u00d6ppna bild i helsk\u00e4rm<\/p>\n<p>Den 16 september f\u00f6rsvann de colombianska musikerna Bayron Sanchez Salazar, k\u00e4nd under artistnamnet B King, och Jorge Luis Herrera Lemos, \u00e4ven kallad Regio Clown, efter att ha bes\u00f6kt ett gym i Mexico City.<\/p>\n<p>Sex dagar senare hittades Salazar och Lemos d\u00f6da utanf\u00f6r staden. De hade torterats, m\u00f6rdats och styckats, enligt \u00e5klagarna. Ytterligare tre kroppar hittades p\u00e5 samma plats.<\/p>\n<p>Ett brev undertecknat av La Familia Michoacana, en mexikansk narkotikakartell som av USA:s regering klassats som utl\u00e4ndsk terroristorganisation, ska ha hittats vid offren.<\/p>\n<p>Dagen d\u00e4rp\u00e5 greps 29-\u00e5riga Angie Miller, en venezuelansk Onlyfans-modell som egentligen heter Ang\u00e9lica Yetsei Torrini Le\u00f3n och tros ha varit Salazars flickv\u00e4n, som en del i utredningen av styckmorden.<\/p>\n<p>Det \u00e4r oklart hur Miller skulle vara inblandad, men enligt NewsX ska hon ha varit en av f\u00e5 som visste var Salazar och Lemos skulle befinna sig vid tidpunkten f\u00f6r f\u00f6rsvinnandet, skriver <a href=\"https:\/\/nypost.com\/2025\/09\/29\/world-news\/onlyfans-model-arrested-after-murdered-singer-shared-his-location-with-her-just-before-he-vanished\/\" rel=\"nofollow noopener\" target=\"_blank\">New York Post<\/a>.<\/p>\n<p>\u201dDe d\u00f6dade v\u00e5ra ungdomar\u201d<\/p>\n<p>Senare sl\u00e4pptes Miller. Utredningen forts\u00e4tter.<\/p>\n<p>Colombias president Gustavo Petro lade skulden f\u00f6r musikernas d\u00f6d p\u00e5 USA:s krig mot droger i Latinamerika.<\/p>\n<p>\u201dDe d\u00f6dade v\u00e5ra ungdomar i <a href=\"https:\/\/www.expressen.se\/tagg\/location\/mexiko\/\" class=\"\" rel=\"nofollow noopener\" target=\"_blank\">Mexiko<\/a>. En internationell maffia som st\u00e4rkts av idiotiska milit\u00e4ra och f\u00f6rbudsinriktade strategier, kallade \u2019kriget mot droger\u2019, som de tvingar p\u00e5 m\u00e4nskligheten och Latinamerika. Fler unga d\u00f6dade av en antidrogpolitik som inte \u00e4r en politik mot narkotikahandel\u201d, skriver Petro p\u00e5 X.<\/p>\n","protected":false},"excerpt":{"rendered":"Publicerad 30 sep 2025 kl 02.52Uppdaterad kl 04.13 En musiker hittades styckm\u00f6rdad i Mexiko. Nu har hans modell-flickv\u00e4n&hellip;\n","protected":false},"author":2,"featured_media":43135,"comment_status":"","ping_status":"","sticky":false,"template":"","format":"standard","meta":{"footnotes":""},"categories":[5],"tags":[22,23,26,27,17,21,24,25,1825,28,29,15,16,18,34,55,31,33,32,30,19,20],"class_list":{"0":"post-43134","1":"post","2":"type-post","3":"status-publish","4":"format-standard","5":"has-post-thumbnail","7":"category-rubriker","8":"tag-breaking-news","9":"tag-breakingnews","10":"tag-featured-news","11":"tag-featurednews","12":"tag-headlines","13":"tag-huvudnyheter","14":"tag-latest-news","15":"tag-latestnews","16":"tag-location-mexiko","17":"tag-main-news","18":"tag-mainnews","19":"tag-news","20":"tag-nyheter","21":"tag-rubriker","22":"tag-se","23":"tag-sections-varlden","24":"tag-svenska","25":"tag-sverige","26":"tag-sweden","27":"tag-swedish","28":"tag-top-stories","29":"tag-topstories"},"share_on_mastodon":{"url":"","error":""},"_links":{"self":[{"href":"https:\/\/www.europesays.com\/se\/wp-json\/wp\/v2\/posts\/43134","targetHints":{"allow":["GET"]}}],"collection":[{"href":"https:\/\/www.europesays.com\/se\/wp-json\/wp\/v2\/posts"}],"about":[{"href":"https:\/\/www.europesays.com\/se\/wp-json\/wp\/v2\/types\/post"}],"author":[{"embeddable":true,"href":"https:\/\/www.europesays.com\/se\/wp-json\/wp\/v2\/users\/2"}],"replies":[{"embeddable":true,"href":"https:\/\/www.europesays.com\/se\/wp-json\/wp\/v2\/comments?post=43134"}],"version-history":[{"count":0,"href":"https:\/\/www.europesays.com\/se\/wp-json\/wp\/v2\/posts\/43134\/revisions"}],"wp:featuredmedia":[{"embeddable":true,"href":"https:\/\/www.europesays.com\/se\/wp-json\/wp\/v2\/media\/43135"}],"wp:attachment":[{"href":"https:\/\/www.europesays.com\/se\/wp-json\/wp\/v2\/media?parent=43134"}],"wp:term":[{"taxonomy":"category","embeddable":true,"href":"https:\/\/www.europesays.com\/se\/wp-json\/wp\/v2\/categories?post=43134"},{"taxonomy":"post_tag","embeddable":true,"href":"https:\/\/www.europesays.com\/se\/wp-json\/wp\/v2\/tags?post=43134"}],"curies":[{"name":"wp","href":"https:\/\/api.w.org\/{rel}","templated":true}]}}