{"id":43164,"date":"2025-09-30T06:29:44","date_gmt":"2025-09-30T06:29:44","guid":{"rendered":"https:\/\/www.europesays.com\/se\/43164\/"},"modified":"2025-09-30T06:29:44","modified_gmt":"2025-09-30T06:29:44","slug":"smallen-hoglander-blir-borta-lange","status":"publish","type":"post","link":"https:\/\/www.europesays.com\/se\/43164\/","title":{"rendered":"Sm\u00e4llen: H\u00f6glander blir borta l\u00e4nge"},"content":{"rendered":"<p><strong>Nils H\u00f6glander utgick skadad i en tr\u00e4ningsmatch mot Calgary Flames.<br \/>Nu visar det sig att den \u00e4r v\u00e4rre \u00e4n befarat.<br \/>Svensken har opererats och kan bli borta i tio veckor.<\/strong><\/p>\n<p><img loading=\"lazy\" decoding=\"async\" width=\"1024\" height=\"658\" src=\"https:\/\/www.europesays.com\/se\/wp-content\/uploads\/2025\/09\/2S1T0YX-1024x658.webp.webp\" alt=\"Nils H\u00f6glander\" class=\"wp-image-308281\"  \/>Nils H\u00f6glander.<br \/><strong>Foto:<\/strong> Lindsey Wasson\/AP\/Alamy<\/p>\n<p><a href=\"https:\/\/hockeysverige.se\/klubb\/vancouver-canucks\/\" rel=\"nofollow noopener\" target=\"_blank\">Vancouver Canucks<\/a> meddelar via <a href=\"https:\/\/x.com\/Canucks\/status\/1972845903406047716\" rel=\"nofollow\">ett inl\u00e4gg p\u00e5 X<\/a> att lagets svenske forward <a href=\"https:\/\/hockeysverige.se\/spelare\/nils-hoglander\/\" rel=\"nofollow noopener\" target=\"_blank\">Nils H\u00f6glander<\/a> har opererats och v\u00e4ntas bli borta i \u00e5tta till tio veckor.<\/p>\n<p>H\u00f6glander \u00e5drog sig en underkroppsskada <a href=\"https:\/\/hockeysverige.se\/nhl\/smallen-nils-hoglander-skadad-i-natt\/\" rel=\"nofollow noopener\" target=\"_blank\">i samband med en tr\u00e4ningsmatch mot Calgary Flames<\/a> f\u00f6rra veckan, d\u00e4r den initiala prognosen var att svensken skulle bli <a href=\"https:\/\/hockeysverige.se\/nhl\/nils-hoglander-missar-sasongsinledningen-nhl-vancouver-canucks\/\" rel=\"nofollow noopener\" target=\"_blank\">borta p\u00e5 vecka-till-vecka-basis<\/a>.<\/p>\n<p>Nu visar det sig att skadan \u00e4r v\u00e4rre \u00e4n befarat och att H\u00f6glander tvingas till operation, vilket g\u00f6r att han bli borta hela v\u00e4gen till b\u00f6rjan av december.<\/p>\n<p>Skrev nytt kontrakt f\u00f6rra h\u00f6sten<\/p>\n<p>Den kommande NHL-s\u00e4songen blir H\u00f6glanders sj\u00e4tte i <a href=\"https:\/\/hockeysverige.se\/nhl\/\" rel=\"nofollow noopener\" target=\"_blank\">NHL<\/a> efter att ha l\u00e4mnat R\u00f6gle f\u00f6r spel i Vancouver 2021, d\u00e4r han gick raka v\u00e4gen fr\u00e5n SHL-spel in i Canucks NHL-lag. F\u00f6rra s\u00e4songen noterades den 24-\u00e5rige v\u00e4sterbottningen f\u00f6r 25 po\u00e4ng (8+17) p\u00e5 72 matcher f\u00f6r Canucks, som han f\u00f6rra h\u00f6sten skrev ett nytt kontrakt med v\u00e4rt 84 miljoner kronor fram till 2028.<\/p>\n<p>Totalt har 24-\u00e5ringen spelat 293 NHL-matcher f\u00f6r Vancouver och producerat 115 po\u00e4ng (58+57)<\/p>\n","protected":false},"excerpt":{"rendered":"Nils H\u00f6glander utgick skadad i en tr\u00e4ningsmatch mot Calgary Flames.Nu visar det sig att den \u00e4r v\u00e4rre \u00e4n&hellip;\n","protected":false},"author":2,"featured_media":43165,"comment_status":"","ping_status":"","sticky":false,"template":"","format":"standard","meta":{"footnotes":""},"categories":[5],"tags":[22,23,26,27,17,21,24,25,28,29,15,247,16,18,34,31,33,32,30,19,379,20],"class_list":{"0":"post-43164","1":"post","2":"type-post","3":"status-publish","4":"format-standard","5":"has-post-thumbnail","7":"category-rubriker","8":"tag-breaking-news","9":"tag-breakingnews","10":"tag-featured-news","11":"tag-featurednews","12":"tag-headlines","13":"tag-huvudnyheter","14":"tag-latest-news","15":"tag-latestnews","16":"tag-main-news","17":"tag-mainnews","18":"tag-news","19":"tag-nhl","20":"tag-nyheter","21":"tag-rubriker","22":"tag-se","23":"tag-svenska","24":"tag-sverige","25":"tag-sweden","26":"tag-swedish","27":"tag-top-stories","28":"tag-top-article","29":"tag-topstories"},"share_on_mastodon":{"url":"","error":""},"_links":{"self":[{"href":"https:\/\/www.europesays.com\/se\/wp-json\/wp\/v2\/posts\/43164","targetHints":{"allow":["GET"]}}],"collection":[{"href":"https:\/\/www.europesays.com\/se\/wp-json\/wp\/v2\/posts"}],"about":[{"href":"https:\/\/www.europesays.com\/se\/wp-json\/wp\/v2\/types\/post"}],"author":[{"embeddable":true,"href":"https:\/\/www.europesays.com\/se\/wp-json\/wp\/v2\/users\/2"}],"replies":[{"embeddable":true,"href":"https:\/\/www.europesays.com\/se\/wp-json\/wp\/v2\/comments?post=43164"}],"version-history":[{"count":0,"href":"https:\/\/www.europesays.com\/se\/wp-json\/wp\/v2\/posts\/43164\/revisions"}],"wp:featuredmedia":[{"embeddable":true,"href":"https:\/\/www.europesays.com\/se\/wp-json\/wp\/v2\/media\/43165"}],"wp:attachment":[{"href":"https:\/\/www.europesays.com\/se\/wp-json\/wp\/v2\/media?parent=43164"}],"wp:term":[{"taxonomy":"category","embeddable":true,"href":"https:\/\/www.europesays.com\/se\/wp-json\/wp\/v2\/categories?post=43164"},{"taxonomy":"post_tag","embeddable":true,"href":"https:\/\/www.europesays.com\/se\/wp-json\/wp\/v2\/tags?post=43164"}],"curies":[{"name":"wp","href":"https:\/\/api.w.org\/{rel}","templated":true}]}}