{"id":43225,"date":"2025-09-30T07:44:14","date_gmt":"2025-09-30T07:44:14","guid":{"rendered":"https:\/\/www.europesays.com\/se\/43225\/"},"modified":"2025-09-30T07:44:14","modified_gmt":"2025-09-30T07:44:14","slug":"simpsons-blir-film-igen-20-ar-efter-den-forra","status":"publish","type":"post","link":"https:\/\/www.europesays.com\/se\/43225\/","title":{"rendered":"\u201dSimpsons\u201d blir film igen \u2013 20 \u00e5r efter den f\u00f6rra"},"content":{"rendered":"<p>\u201dThe Simpsons\u201d blir film igen, rapporterar flera medier. Den andra filmen om den tecknade familjen har premi\u00e4r sommaren 2027, 20 \u00e5r efter att den f\u00f6rra filmen hade premi\u00e4r. <\/p>\n<p>I ett inl\u00e4gg p\u00e5 den popul\u00e4ra tv-seriens officiella Instagramkonto syns huvudkarakt\u00e4ren Homer h\u00e5lla i en munk med tv\u00e5or. I bilden st\u00e5r det ocks\u00e5 \u201dHomer&#8217;s coming back for seconds\u201d.<\/p>\n<p>Komedin, som hade premi\u00e4r 1989, handlar om familjemedlemmarna Homer, Marge, Bart, Maggie och Lisa och skapades av Matt Groening. Den 37:e s\u00e4songen har precis b\u00f6rjat s\u00e4ndas i USA. Ingen annan komediserie har s\u00e4nts lika l\u00e4nge. <\/p>\n<p>Omni \u00e4r politiskt obundna och oberoende. Vi str\u00e4var efter att ge fler perspektiv p\u00e5 nyheterna. Har du fr\u00e5gor eller synpunkter kring v\u00e5r rapportering? <a href=\"https:\/\/omni.se\/simpsons-blir-film-igen-20-ar-efter-den-forra\/a\/mailto:redaktion@omni.se\" class=\"ArticleActions_contactLink__W2F1M\" rel=\"nofollow noopener\" target=\"_blank\">Kontakta redaktionen<\/a><\/p>\n","protected":false},"excerpt":{"rendered":"\u201dThe Simpsons\u201d blir film igen, rapporterar flera medier. Den andra filmen om den tecknade familjen har premi\u00e4r sommaren&hellip;\n","protected":false},"author":2,"featured_media":43226,"comment_status":"","ping_status":"","sticky":false,"template":"","format":"standard","meta":{"footnotes":""},"categories":[67],"tags":[104,168,4450,34,31,33,32,30,4451,105],"class_list":{"0":"post-43225","1":"post","2":"type-post","3":"status-publish","4":"format-standard","5":"has-post-thumbnail","7":"category-underhallning","8":"tag-entertainment","9":"tag-film-tv","10":"tag-matt-groening","11":"tag-se","12":"tag-svenska","13":"tag-sverige","14":"tag-sweden","15":"tag-swedish","16":"tag-the-simpsons","17":"tag-underhallning"},"share_on_mastodon":{"url":"","error":""},"_links":{"self":[{"href":"https:\/\/www.europesays.com\/se\/wp-json\/wp\/v2\/posts\/43225","targetHints":{"allow":["GET"]}}],"collection":[{"href":"https:\/\/www.europesays.com\/se\/wp-json\/wp\/v2\/posts"}],"about":[{"href":"https:\/\/www.europesays.com\/se\/wp-json\/wp\/v2\/types\/post"}],"author":[{"embeddable":true,"href":"https:\/\/www.europesays.com\/se\/wp-json\/wp\/v2\/users\/2"}],"replies":[{"embeddable":true,"href":"https:\/\/www.europesays.com\/se\/wp-json\/wp\/v2\/comments?post=43225"}],"version-history":[{"count":0,"href":"https:\/\/www.europesays.com\/se\/wp-json\/wp\/v2\/posts\/43225\/revisions"}],"wp:featuredmedia":[{"embeddable":true,"href":"https:\/\/www.europesays.com\/se\/wp-json\/wp\/v2\/media\/43226"}],"wp:attachment":[{"href":"https:\/\/www.europesays.com\/se\/wp-json\/wp\/v2\/media?parent=43225"}],"wp:term":[{"taxonomy":"category","embeddable":true,"href":"https:\/\/www.europesays.com\/se\/wp-json\/wp\/v2\/categories?post=43225"},{"taxonomy":"post_tag","embeddable":true,"href":"https:\/\/www.europesays.com\/se\/wp-json\/wp\/v2\/tags?post=43225"}],"curies":[{"name":"wp","href":"https:\/\/api.w.org\/{rel}","templated":true}]}}