{"id":43257,"date":"2025-09-30T08:25:07","date_gmt":"2025-09-30T08:25:07","guid":{"rendered":"https:\/\/www.europesays.com\/se\/43257\/"},"modified":"2025-09-30T08:25:07","modified_gmt":"2025-09-30T08:25:07","slug":"region-kronoberg-snart-borjar-hostens-vaccinationer-i-ar-galler-nya-rekommendationer","status":"publish","type":"post","link":"https:\/\/www.europesays.com\/se\/43257\/","title":{"rendered":"Region Kronoberg &#8211; Snart b\u00f6rjar h\u00f6stens vaccinationer \u2013 i \u00e5r g\u00e4ller nya rekommendationer"},"content":{"rendered":"<p class=\"ingress\">&#13;<br \/>\n            Den 14 oktober startar \u00e5rets vaccinationer mot covid-19 och influensa. I \u00e5r ser rekommendationerna fr\u00e5n Folkh\u00e4lsomyndigheten lite annorlunda ut och f\u00e4rre rekommenderas vaccin mot covid-19.&#13;\n        <\/p>\n<p>        &#13;<\/p>\n<p>Vaccination mot s\u00e4songsinfluensa rekommenderas, precis som tidigare \u00e5r, till personer som \u00e4r 65 \u00e5r eller \u00e4ldre samt medicinska riskgrupper. Rekommendationerna f\u00f6r vaccination mot covid-19 har d\u00e4remot uppdaterats. Tidigare rekommenderades alla \u00f6ver 65 \u00e5r \u00e4ven vaccination mot covid-19. Nu rekommenderas personer som \u00e4r 75 \u00e5r eller \u00e4ldre, medicinska riskgrupper fr\u00e5n 50 \u00e5rs \u00e5lder samt alla som \u00e4r 18 \u00e5r eller \u00e4ldre med nedsatt immunf\u00f6rsvar att vaccinera sig mot covid-19.<\/p>\n<p>Risken f\u00f6r allvarlig sjukdom f\u00f6ljt av covid-19 har minskat de senaste \u00e5ren p\u00e5 grund av mildare virusvarianter och att m\u00e5nga har haft covid-19, d\u00e4rf\u00f6r rekommenderas f\u00e4rre vaccin. Men en h\u00f6g \u00e5lder \u00e4r fortfarande en riskfaktor f\u00f6r att bli allvarligt sjuk och d\u00e4rf\u00f6r rekommenderas de som \u00e4r \u00f6ver 75 \u00e5r att vaccinera sig mot covid-19, s\u00e4ger Christin Blomkvist, smittskyddsl\u00e4kare.<\/p>\n<p>Detta inneb\u00e4r att personer som \u00e4r 65 \u2013 74 \u00e5r endast rekommenderas att vaccinera sig mot influensa, s\u00e5 l\u00e4nge de inte tillh\u00f6r en annan riskgrupp. Personer som \u00e4r 75 \u00e5r och \u00e4ldre rekommenderas vaccin mot b\u00e5de influensa och covid-19.<\/p>\n<p>Man kan boka tid f\u00f6r vaccination redan idag, men de som bara ska vaccinera sig mot influensa kan med f\u00f6rdel v\u00e4nta n\u00e5gra veckor med att boka tid eftersom den st\u00f6rsta spridningen brukar komma lite senare \u00e4n covid-19, s\u00e4ger Christian Blomkvist.<\/p>\n<p>De som ska vaccinera sig mot b\u00e5de influensa och covid-19 kan g\u00f6ra det samtidigt.<\/p>\n<p>Boka tid p\u00e5 v\u00e5rdcentralen<\/p>\n<p>B\u00e5da vaccinen ges p\u00e5 v\u00e5rdcentralerna i l\u00e4net och \u00e4r kostnadsfria f\u00f6r de rekommenderade grupperna. Den som vill vaccinera sig kan boka tid genom att logga in med e-legitimation p\u00e5 <a href=\"https:\/\/www.1177.se\/Kronoberg\/vaccination2025-2026\" rel=\"nofollow noopener\" target=\"_blank\">1177.se<\/a> eller genom att ringa till sin v\u00e5rdcentral.<\/p>\n<p>F\u00f6r de som inte tillh\u00f6r n\u00e5gon riskgrupp<\/p>\n<p>Personer som inte ing\u00e5r i en rekommenderad grupp kan vaccinera sig fr\u00e5n vecka 46. Att vaccinera sig mot influensa kostar d\u00e5 360 kronor, och mot covid-19 kostar 330 kronor.<\/p>\n<p>Mer information<\/p>\n<p>P\u00e5 <a href=\"https:\/\/www.1177.se\/Kronoberg\/vaccination2025-2026\" rel=\"nofollow noopener\" target=\"_blank\">1177.se<\/a> kan du l\u00e4sa mer om vilka rekommendationer som g\u00e4ller f\u00f6r dig.<\/p>\n<p>&#13;<\/p>\n","protected":false},"excerpt":{"rendered":"&#13; Den 14 oktober startar \u00e5rets vaccinationer mot covid-19 och influensa. I \u00e5r ser rekommendationerna fr\u00e5n Folkh\u00e4lsomyndigheten lite&hellip;\n","protected":false},"author":2,"featured_media":43258,"comment_status":"","ping_status":"","sticky":false,"template":"","format":"standard","meta":{"footnotes":""},"categories":[69],"tags":[113,112,34,31,33,32,30],"class_list":{"0":"post-43257","1":"post","2":"type-post","3":"status-publish","4":"format-standard","5":"has-post-thumbnail","7":"category-halsa","8":"tag-halsa","9":"tag-health","10":"tag-se","11":"tag-svenska","12":"tag-sverige","13":"tag-sweden","14":"tag-swedish"},"share_on_mastodon":{"url":"","error":""},"_links":{"self":[{"href":"https:\/\/www.europesays.com\/se\/wp-json\/wp\/v2\/posts\/43257","targetHints":{"allow":["GET"]}}],"collection":[{"href":"https:\/\/www.europesays.com\/se\/wp-json\/wp\/v2\/posts"}],"about":[{"href":"https:\/\/www.europesays.com\/se\/wp-json\/wp\/v2\/types\/post"}],"author":[{"embeddable":true,"href":"https:\/\/www.europesays.com\/se\/wp-json\/wp\/v2\/users\/2"}],"replies":[{"embeddable":true,"href":"https:\/\/www.europesays.com\/se\/wp-json\/wp\/v2\/comments?post=43257"}],"version-history":[{"count":0,"href":"https:\/\/www.europesays.com\/se\/wp-json\/wp\/v2\/posts\/43257\/revisions"}],"wp:featuredmedia":[{"embeddable":true,"href":"https:\/\/www.europesays.com\/se\/wp-json\/wp\/v2\/media\/43258"}],"wp:attachment":[{"href":"https:\/\/www.europesays.com\/se\/wp-json\/wp\/v2\/media?parent=43257"}],"wp:term":[{"taxonomy":"category","embeddable":true,"href":"https:\/\/www.europesays.com\/se\/wp-json\/wp\/v2\/categories?post=43257"},{"taxonomy":"post_tag","embeddable":true,"href":"https:\/\/www.europesays.com\/se\/wp-json\/wp\/v2\/tags?post=43257"}],"curies":[{"name":"wp","href":"https:\/\/api.w.org\/{rel}","templated":true}]}}