{"id":43280,"date":"2025-09-30T08:48:13","date_gmt":"2025-09-30T08:48:13","guid":{"rendered":"https:\/\/www.europesays.com\/se\/43280\/"},"modified":"2025-09-30T08:48:13","modified_gmt":"2025-09-30T08:48:13","slug":"kris-for-ostersjofisken-inte-ens-totalstopp-racker","status":"publish","type":"post","link":"https:\/\/www.europesays.com\/se\/43280\/","title":{"rendered":"Kris f\u00f6r \u00d6stersj\u00f6fisken \u2013 inte ens totalstopp r\u00e4cker"},"content":{"rendered":"<p>Inte ens ett totalstopp f\u00f6r fiske kan r\u00e4cka f\u00f6r att fiskbest\u00e5nden i \u00d6stersj\u00f6n ska \u00e5terh\u00e4mta sig. Det \u00e4r en slutsats i en ny rapport fr\u00e5n EU, skriver TT. <\/p>\n<p>\u201dEn snabb \u00e5terh\u00e4mtning f\u00f6r torsk och sill till havs \u00e4r osannolik \u00e4ven under ett fiskef\u00f6rbud\u201d, skriver Christian M\u00f6llmann vid universitetet i Hamburg i rapporten. <\/p>\n<p>Han konstaterar ocks\u00e5 att det nuvarande systemet med en fler\u00e5rig f\u00e5ngstplan till stor del misslyckats med att n\u00e5 sitt m\u00e5l om att \u00e5terst\u00e4lla och bibeh\u00e5lla best\u00e5nden ovanf\u00f6r h\u00e5llbar niv\u00e5. <\/p>\n<p>Under tisdagen anordnas ett m\u00f6te i Stockholm d\u00e4r b\u00e5de fiske- och klimatministrar, kommission\u00e4rer och diverse EU-parlamentsledam\u00f6ter fr\u00e5n \u00d6stersj\u00f6l\u00e4nderna m\u00f6ts f\u00f6r att f\u00f6rs\u00f6ka hitta nya v\u00e4gar att hantera situationen. <\/p>\n<p>Omni \u00e4r politiskt obundna och oberoende. Vi str\u00e4var efter att ge fler perspektiv p\u00e5 nyheterna. Har du fr\u00e5gor eller synpunkter kring v\u00e5r rapportering? <a href=\"https:\/\/omni.se\/kris-for-ostersjofisken-inte-ens-totalstopp-racker\/a\/mailto:redaktion@omni.se\" class=\"ArticleActions_contactLink__W2F1M\" rel=\"nofollow noopener\" target=\"_blank\">Kontakta redaktionen<\/a><\/p>\n","protected":false},"excerpt":{"rendered":"Inte ens ett totalstopp f\u00f6r fiske kan r\u00e4cka f\u00f6r att fiskbest\u00e5nden i \u00d6stersj\u00f6n ska \u00e5terh\u00e4mta sig. Det \u00e4r&hellip;\n","protected":false},"author":2,"featured_media":43281,"comment_status":"","ping_status":"","sticky":false,"template":"","format":"standard","meta":{"footnotes":""},"categories":[5],"tags":[22,23,415,73,26,27,17,21,705,528,24,25,28,29,15,16,18,34,820,31,33,32,30,19,20],"class_list":{"0":"post-43280","1":"post","2":"type-post","3":"status-publish","4":"format-standard","5":"has-post-thumbnail","7":"category-rubriker","8":"tag-breaking-news","9":"tag-breakingnews","10":"tag-djur-natur","11":"tag-eu","12":"tag-featured-news","13":"tag-featurednews","14":"tag-headlines","15":"tag-huvudnyheter","16":"tag-jordbruk","17":"tag-klimat-miljo","18":"tag-latest-news","19":"tag-latestnews","20":"tag-main-news","21":"tag-mainnews","22":"tag-news","23":"tag-nyheter","24":"tag-rubriker","25":"tag-se","26":"tag-skogsbruk-fiske","27":"tag-svenska","28":"tag-sverige","29":"tag-sweden","30":"tag-swedish","31":"tag-top-stories","32":"tag-topstories"},"share_on_mastodon":{"url":"","error":""},"_links":{"self":[{"href":"https:\/\/www.europesays.com\/se\/wp-json\/wp\/v2\/posts\/43280","targetHints":{"allow":["GET"]}}],"collection":[{"href":"https:\/\/www.europesays.com\/se\/wp-json\/wp\/v2\/posts"}],"about":[{"href":"https:\/\/www.europesays.com\/se\/wp-json\/wp\/v2\/types\/post"}],"author":[{"embeddable":true,"href":"https:\/\/www.europesays.com\/se\/wp-json\/wp\/v2\/users\/2"}],"replies":[{"embeddable":true,"href":"https:\/\/www.europesays.com\/se\/wp-json\/wp\/v2\/comments?post=43280"}],"version-history":[{"count":0,"href":"https:\/\/www.europesays.com\/se\/wp-json\/wp\/v2\/posts\/43280\/revisions"}],"wp:featuredmedia":[{"embeddable":true,"href":"https:\/\/www.europesays.com\/se\/wp-json\/wp\/v2\/media\/43281"}],"wp:attachment":[{"href":"https:\/\/www.europesays.com\/se\/wp-json\/wp\/v2\/media?parent=43280"}],"wp:term":[{"taxonomy":"category","embeddable":true,"href":"https:\/\/www.europesays.com\/se\/wp-json\/wp\/v2\/categories?post=43280"},{"taxonomy":"post_tag","embeddable":true,"href":"https:\/\/www.europesays.com\/se\/wp-json\/wp\/v2\/tags?post=43280"}],"curies":[{"name":"wp","href":"https:\/\/api.w.org\/{rel}","templated":true}]}}