{"id":43339,"date":"2025-09-30T09:54:05","date_gmt":"2025-09-30T09:54:05","guid":{"rendered":"https:\/\/www.europesays.com\/se\/43339\/"},"modified":"2025-09-30T09:54:05","modified_gmt":"2025-09-30T09:54:05","slug":"virala-liberalens-nyafiende-verkligheten-linda-jerneck","status":"publish","type":"post","link":"https:\/\/www.europesays.com\/se\/43339\/","title":{"rendered":"Virala liberalens nya\nfiende: Verkligheten | Linda Jerneck"},"content":{"rendered":"<p>Linda Jerneck<\/p>\n<p>Publicerad 29 sep 2025 kl 18.00Uppdaterad kl 20.52<\/p>\n<p>Liberalen Jan J\u00f6nsson gjorde succ\u00e9 n\u00e4r han gick till storms mot g\u00e4ngen. Nu \u00e4r verkligheten hans v\u00e4rsta fiende.<\/p>\n<p><img   alt=\"\"\/><\/p>\n<p>Jan J\u00f6nssson \u00e4r Liberalernas starke man i Stockholms stadshus.<\/p>\n<p>Foto: LISA MATTISSON<\/p>\n<p>\u00d6ppna bild i helsk\u00e4rm<img loading=\"lazy\"   alt=\"\"\/><\/p>\n<p>I valet 2022 blev kampanjen \u201dS\u00e5 h\u00e4r ser han ut. G\u00e4ngens v\u00e4rsta fiende\u201d viral.<\/p>\n<p>Foto: Twitter<\/p>\n<p>\u00d6ppna bild i helsk\u00e4rm<img   alt=\"\"\/>Linda Jerneck<\/p>\n<p>Stockholmspolitikern <a href=\"https:\/\/www.expressen.se\/tagg\/person\/jan-jonsson\/\" class=\"\" rel=\"nofollow noopener\" target=\"_blank\">Jan J\u00f6nsson<\/a>, Liberalerna, blev k\u00e4nd f\u00f6r en vidare krets i valr\u00f6relsen 2022 n\u00e4r hans affischer blev virala. P\u00e5 en bild av det g\u00e4ngliga, glas\u00f6gonprydda socialborgarr\u00e5det stod: \u201dS\u00e5 h\u00e4r ser han ut. G\u00e4ngens v\u00e4rsta fiende.\u201d\u00a0<\/p>\n<p>Hatarna h\u00e5nade. Men J\u00f6nsson, som l\u00e4nge var rektor f\u00f6r en skola i det s\u00e4rskilt utsatta omr\u00e5det Norsborg, visste vad han pratade om. Han bj\u00f6d p\u00e5 sig sj\u00e4lv och fick stockholmarna att t\u00e4nka till. Det var briljant.<\/p>\n<p><strong>Tyv\u00e4rr verkar han ha utsett en ny nemesis. Efter Foxtrot, Rumba och Dalen-n\u00e4tverket \u2013 nu \u00e4r Jan J\u00f6nssons v\u00e4rsta fiende verkligheten.<\/strong><\/p>\n<p>I en <a href=\"https:\/\/www.expressen.se\/nyheter\/politik\/jan-jonsson-om-liberalernas-vagval-da-hoppar-jag-av\/\" rel=\"nofollow noopener\" target=\"_blank\">intervju<\/a> med Expressens Anette Holmqvist l\u00e4gger Stockholmsliberalernas ledare ut texten kring hur han tycker att hans parti ska hantera regeringsfr\u00e5gan. Sverigedemokraterna har ju varit tydliga med att de efter n\u00e4sta val inte vill n\u00f6ja sig med att vara st\u00f6dparti \u00e5t Tid\u00f6regeringen i riksdagen. Jimmie \u00c5kesson vill ha ministerposter.<\/p>\n<p>SD i regeringen \u00e4r inget dr\u00f6mscenario f\u00f6r n\u00e5gon liberal \u2013 med eller utan partibok. Men v\u00e4ljarna kan tyv\u00e4rr visa sig ha andra id\u00e9er.\u00a0<\/p>\n<p>N\u00e4r man ligger under sp\u00e4rren \u2013 och allts\u00e5 tvingas s\u00e4tta hoppet till st\u00f6dr\u00f6ster \u2013 \u00e4r det extra viktigt att varudeklarera i tid. \u00c4r Liberalerna ett borgerligt parti, som kommer att st\u00f6dja en borgerlig regering \u00e4ven om SD skulle ing\u00e5 i den? Eller f\u00f6redrar man att s\u00f6ka samarbete v\u00e4nsterut med S, V, MP och C?\u00a0<\/p>\n<p>Det kanske k\u00e4nns supertrist f\u00f6r en partist som hellre vill prata sakpolitik, men det \u00e4r fr\u00e5gan som v\u00e4ljarna vill ha svar p\u00e5.\u00a0<\/p>\n<blockquote><p>Det vore synd om Liberalernas historia tar slut som en diskussionsklubb till Bertil Ohlins minne<\/p><\/blockquote>\n<p>P\u00e5 landsm\u00f6tet i november \u00e4r det meningen att Liberalerna ska ge besked. Redan den tionde oktober ska partiledningen diskutera saken.<\/p>\n<p>Jan J\u00f6nsson g\u00f6r det till en fr\u00e5ga om sig sj\u00e4lv:\u00a0<\/p>\n<p>\u2013 F\u00f6r mig \u00e4r det sv\u00e5rt att vara en ledande person i Liberalerna om partiet skulle \u00f6ppna f\u00f6r sverigedemokrater som ministrar.\u00a0<\/p>\n<p>Om partimedlemmarna inte r\u00f6star som han vill, d\u00e5 t\u00e4nker Jan J\u00f6nsson storma ut.<\/p>\n<p><strong>Det kanske vore lika bra. F\u00f6r den v\u00e4g han sj\u00e4lv vill anf\u00f6ra dem leder ut i gl\u00f6mskan. J\u00f6nsson f\u00f6respr\u00e5kar n\u00e4mligen inte heller samarbete med v\u00e4nstersidan och ett nytt januariavtal. Han dr\u00f6mmer om att hans parti ska inta \u201den fri roll\u201d i riksdagen.<\/strong><\/p>\n<p>\u2013 Vi skulle beh\u00f6va en oberoende liberal kraft som jobbar f\u00f6r att st\u00e4rka f\u00f6rtroendet f\u00f6r liberala v\u00e4rderingar i samh\u00e4llet. Och det \u00e4r inte alltid givet att man g\u00f6r det b\u00e4st genom att sitta i regeringen och vara bunden av olika samarbeten.<\/p>\n<p>En \u201doberoende liberal kraft\u201d? Som det allt mer irrelevanta Centerpartiet?<\/p>\n<p><strong>Vill man slippa smutsa ner sin ideologiska renhet av att f\u00f6rhandla med andra partier, \u00e4r det f\u00f6r att parafrasera \u201dinte alltid givet att man g\u00f6r det b\u00e4st\u201d genom att sitta i riksdagen.<\/strong><\/p>\n<p>Men det vore synd om Liberalernas historia tar slut som en diskussionsklubb till Bertil Ohlins minne.<\/p>\n<p>Linda Jerneck \u00e4r bitr\u00e4dande politisk redakt\u00f6r p\u00e5 Expressen. L\u00e4s fler av hennes texter <a href=\"https:\/\/www.expressen.se\/av\/linda-jerneck\/\" rel=\"nofollow noopener\" target=\"_blank\">h\u00e4r<\/a>.<\/p>\n<p><strong>L\u00c4S MER: <\/strong><a href=\"https:\/\/www.expressen.se\/ledare\/linda-jerneck\/vem-ska-beratta-for-hatt-att-hon-leder-fel-parti\/\" class=\"\" rel=\"nofollow noopener\" target=\"_blank\">Vem ska ber\u00e4tta f\u00f6r Hatt att hon leder fel parti?<\/a><strong>L\u00c4S MER: <\/strong><a href=\"https:\/\/www.expressen.se\/ledare\/en-sak-talar-faktiskt--for-liberalerna\/\" class=\"\" rel=\"nofollow noopener\" target=\"_blank\">En sak talar faktiskt  f\u00f6r Liberalerna<\/a><\/p>\n","protected":false},"excerpt":{"rendered":"Linda Jerneck Publicerad 29 sep 2025 kl 18.00Uppdaterad kl 20.52 Liberalen Jan J\u00f6nsson gjorde succ\u00e9 n\u00e4r han gick&hellip;\n","protected":false},"author":2,"featured_media":43340,"comment_status":"","ping_status":"","sticky":false,"template":"","format":"standard","meta":{"footnotes":""},"categories":[12],"tags":[22,23,26,27,17,21,24,25,135,4465,28,29,15,16,1353,618,38,4464,18,34,36,31,33,32,30,19,152,20],"class_list":{"0":"post-43339","1":"post","2":"type-post","3":"status-publish","4":"format-standard","5":"has-post-thumbnail","7":"category-sverige","8":"tag-breaking-news","9":"tag-breakingnews","10":"tag-featured-news","11":"tag-featurednews","12":"tag-headlines","13":"tag-huvudnyheter","14":"tag-latest-news","15":"tag-latestnews","16":"tag-location-stockholm","17":"tag-location-stockholms-stadshus","18":"tag-main-news","19":"tag-mainnews","20":"tag-news","21":"tag-nyheter","22":"tag-organization-centerpartiet","23":"tag-organization-liberalerna","24":"tag-organization-sverigedemokraterna","25":"tag-person-jan-jonsson","26":"tag-rubriker","27":"tag-se","28":"tag-sections-lindajerneck","29":"tag-svenska","30":"tag-sverige","31":"tag-sweden","32":"tag-swedish","33":"tag-top-stories","34":"tag-topic-inrikespolitik","35":"tag-topstories"},"share_on_mastodon":{"url":"","error":""},"_links":{"self":[{"href":"https:\/\/www.europesays.com\/se\/wp-json\/wp\/v2\/posts\/43339","targetHints":{"allow":["GET"]}}],"collection":[{"href":"https:\/\/www.europesays.com\/se\/wp-json\/wp\/v2\/posts"}],"about":[{"href":"https:\/\/www.europesays.com\/se\/wp-json\/wp\/v2\/types\/post"}],"author":[{"embeddable":true,"href":"https:\/\/www.europesays.com\/se\/wp-json\/wp\/v2\/users\/2"}],"replies":[{"embeddable":true,"href":"https:\/\/www.europesays.com\/se\/wp-json\/wp\/v2\/comments?post=43339"}],"version-history":[{"count":0,"href":"https:\/\/www.europesays.com\/se\/wp-json\/wp\/v2\/posts\/43339\/revisions"}],"wp:featuredmedia":[{"embeddable":true,"href":"https:\/\/www.europesays.com\/se\/wp-json\/wp\/v2\/media\/43340"}],"wp:attachment":[{"href":"https:\/\/www.europesays.com\/se\/wp-json\/wp\/v2\/media?parent=43339"}],"wp:term":[{"taxonomy":"category","embeddable":true,"href":"https:\/\/www.europesays.com\/se\/wp-json\/wp\/v2\/categories?post=43339"},{"taxonomy":"post_tag","embeddable":true,"href":"https:\/\/www.europesays.com\/se\/wp-json\/wp\/v2\/tags?post=43339"}],"curies":[{"name":"wp","href":"https:\/\/api.w.org\/{rel}","templated":true}]}}