{"id":43428,"date":"2025-09-30T11:56:08","date_gmt":"2025-09-30T11:56:08","guid":{"rendered":"https:\/\/www.europesays.com\/se\/43428\/"},"modified":"2025-09-30T11:56:08","modified_gmt":"2025-09-30T11:56:08","slug":"beskedet-forwarden-lamnar-linkoping-hockeysverige-se","status":"publish","type":"post","link":"https:\/\/www.europesays.com\/se\/43428\/","title":{"rendered":"Beskedet: Forwarden l\u00e4mnar Link\u00f6ping &#8211; hockeysverige.se"},"content":{"rendered":"<p><strong>Oscar Lawner och Link\u00f6ping g\u00e5r skilda v\u00e4gar.<br \/>Det meddelar SHL-klubben via sin hemsida.<br \/>\u2013 Vi \u00e4r alla inblandade \u00f6verens om att det h\u00e4r \u00e4r b\u00e4st f\u00f6r Oscars framtida karri\u00e4r med tanke p\u00e5 nuvarande konkurrens i truppen, s\u00e4ger sportchefen Peter Jakobsson.<\/strong><\/p>\n<p><img loading=\"lazy\" decoding=\"async\" width=\"1024\" height=\"658\" src=\"https:\/\/www.europesays.com\/se\/wp-content\/uploads\/2025\/09\/250920MN065-1024x658.webp.webp\" alt=\"Oscar Lawner\" class=\"wp-image-308428\"  \/>Oscar Lawner.<br \/><strong>Foto:<\/strong> Magnus Andersson\/Bildbyr\u00e5n<\/p>\n<p>Oscar Lawner fick bara 32 sekunders istid i helgens <a href=\"https:\/\/hockeysverige.se\/shl\" rel=\"nofollow noopener\" target=\"_blank\">SHL<\/a>-m\u00f6te med Malm\u00f6 och b\u00e4nkades helt och h\u00e5llet i matcherna mot R\u00f6gle och Djurg\u00e5rden.<\/p>\n<p>Nu meddelar <a href=\"https:\/\/hockeysverige.se\/klubb\/linkoping-hc\" rel=\"nofollow noopener\" target=\"_blank\">Link\u00f6ping<\/a> att forwarden och klubben g\u00e5r skilda v\u00e4gar.<\/p>\n<p>\u2013 Tyv\u00e4rr s\u00e5 har vi inte kunnat erbjuda den speltid som Oscar vill och beh\u00f6ver ha f\u00f6r att forts\u00e4tta utvecklas som hockeyspelare. En ung, seri\u00f6s och mycket professionell individ som har sk\u00f6tt sig exemplariskt och som beh\u00f6ver spela mycket hockey. Vi \u00e4r alla inblandade \u00f6verens om att det h\u00e4r \u00e4r b\u00e4st f\u00f6r Oscars framtida karri\u00e4r med tanke p\u00e5 nuvarande konkurrens i truppen. Med det sagt vill vi \u00f6nska honom ett stort lycka till fram\u00f6ver, s\u00e4ger sportchefen Peter Jakobsson till klubbens hemsida.<\/p>\n<p>V\u00e4rvades av \u201dPJ\u201d fr\u00e5n F\u00e4rjestad<\/p>\n<p>Lawner v\u00e4rvades till till Link\u00f6ping av Jakobsson fr\u00e5n sportchefens tidigare klubb F\u00e4rjestad inf\u00f6r fjol\u00e5rss\u00e4songen, d\u00e4r han stod f\u00f6r ett m\u00e5l (1+0) p\u00e5 36 SHL-matcher. Den h\u00e4r s\u00e4songen har det inte blivit n\u00e5gra po\u00e4ng f\u00f6r den 24-\u00e5rige forwarden.<\/p>\n<p>\u2013 Det k\u00e4nns vemodigt att l\u00e4mna en s\u00e5 fin grupp och f\u00f6rening som Link\u00f6ping Hockey Club. Jag har trivts v\u00e4ldigt bra i gruppen och med folk runt omkring f\u00f6reningen, men k\u00e4nner sj\u00e4lv att jag \u00e4r i en \u00e5lder d\u00e4r jag m\u00e5ste t\u00e4nka p\u00e5 vad som \u00e4r b\u00e4st f\u00f6r min hockeykarri\u00e4r \u2013 och d\u00e5 k\u00e4nns det h\u00e4r som det r\u00e4tta beslutet. Till sist vill jag passa p\u00e5 att tacka laget, supportrarna och alla runt f\u00f6reningen f\u00f6r st\u00f6det och tiden h\u00e4r, s\u00e4ger Lawner i ett uttalande p\u00e5 klubbens hemsida.<\/p>\n","protected":false},"excerpt":{"rendered":"Oscar Lawner och Link\u00f6ping g\u00e5r skilda v\u00e4gar.Det meddelar SHL-klubben via sin hemsida.\u2013 Vi \u00e4r alla inblandade \u00f6verens om&hellip;\n","protected":false},"author":2,"featured_media":43429,"comment_status":"","ping_status":"","sticky":false,"template":"","format":"standard","meta":{"footnotes":""},"categories":[5],"tags":[22,23,26,27,17,21,24,25,28,29,15,16,18,34,133,134,31,33,32,30,19,20],"class_list":{"0":"post-43428","1":"post","2":"type-post","3":"status-publish","4":"format-standard","5":"has-post-thumbnail","7":"category-rubriker","8":"tag-breaking-news","9":"tag-breakingnews","10":"tag-featured-news","11":"tag-featurednews","12":"tag-headlines","13":"tag-huvudnyheter","14":"tag-latest-news","15":"tag-latestnews","16":"tag-main-news","17":"tag-mainnews","18":"tag-news","19":"tag-nyheter","20":"tag-rubriker","21":"tag-se","22":"tag-second-news","23":"tag-shl","24":"tag-svenska","25":"tag-sverige","26":"tag-sweden","27":"tag-swedish","28":"tag-top-stories","29":"tag-topstories"},"share_on_mastodon":{"url":"","error":""},"_links":{"self":[{"href":"https:\/\/www.europesays.com\/se\/wp-json\/wp\/v2\/posts\/43428","targetHints":{"allow":["GET"]}}],"collection":[{"href":"https:\/\/www.europesays.com\/se\/wp-json\/wp\/v2\/posts"}],"about":[{"href":"https:\/\/www.europesays.com\/se\/wp-json\/wp\/v2\/types\/post"}],"author":[{"embeddable":true,"href":"https:\/\/www.europesays.com\/se\/wp-json\/wp\/v2\/users\/2"}],"replies":[{"embeddable":true,"href":"https:\/\/www.europesays.com\/se\/wp-json\/wp\/v2\/comments?post=43428"}],"version-history":[{"count":0,"href":"https:\/\/www.europesays.com\/se\/wp-json\/wp\/v2\/posts\/43428\/revisions"}],"wp:featuredmedia":[{"embeddable":true,"href":"https:\/\/www.europesays.com\/se\/wp-json\/wp\/v2\/media\/43429"}],"wp:attachment":[{"href":"https:\/\/www.europesays.com\/se\/wp-json\/wp\/v2\/media?parent=43428"}],"wp:term":[{"taxonomy":"category","embeddable":true,"href":"https:\/\/www.europesays.com\/se\/wp-json\/wp\/v2\/categories?post=43428"},{"taxonomy":"post_tag","embeddable":true,"href":"https:\/\/www.europesays.com\/se\/wp-json\/wp\/v2\/tags?post=43428"}],"curies":[{"name":"wp","href":"https:\/\/api.w.org\/{rel}","templated":true}]}}