{"id":43460,"date":"2025-09-30T12:30:15","date_gmt":"2025-09-30T12:30:15","guid":{"rendered":"https:\/\/www.europesays.com\/se\/43460\/"},"modified":"2025-09-30T12:30:15","modified_gmt":"2025-09-30T12:30:15","slug":"degerfors-sorg-ulf-backman-plotsligt-dod","status":"publish","type":"post","link":"https:\/\/www.europesays.com\/se\/43460\/","title":{"rendered":"Degerfors sorg \u2013 Ulf Backman pl\u00f6tsligt d\u00f6d"},"content":{"rendered":"<p>Publicerad 30 sep 2025 kl 11.31Uppdaterad kl 13.42<\/p>\n<p>Degerfors IF \u00e4r i sorg.\u00a0<\/p>\n<p>Klubbens s\u00e4kerhetsansvarige Ulf Backman har g\u00e5tt bort.<\/p>\n<p>\u201dUlf har med sitt stora engagemang, sin v\u00e4rme och omtanke varit en ov\u00e4rderlig del av v\u00e5r f\u00f6rening under m\u00e5nga \u00e5r. Det \u00e4r sv\u00e5rt att f\u00f6rest\u00e4lla sig Degerfors IF utan Ulf\u201d, skriver klubben p\u00e5 sin hemsida.\u00a0<\/p>\n<p><img   alt=\"\"\/><\/p>\n<p>Degerforsklacken visade sitt st\u00f6d till Ulf i bortamatchen mot Sirius.<\/p>\n<p>Foto: ARON BROMAN \/ BILDBYR\u00c5N<\/p>\n<p>\u00d6ppna bild i helsk\u00e4rm<\/p>\n<p>Ulf Backman jobbade under m\u00e5nga \u00e5r som polis innan han sadlade om och tog jobbet som s\u00e4kerhetsansvarig i Degerfors 2018, skriver <a href=\"https:\/\/www.vf.se\/2025\/09\/30\/degerfors-if-i-sorg-efter-hastig-bortgang-ovarderlig-del-av-foreningen-i-manga-ar-75abd\/\" rel=\"nofollow noopener\" target=\"_blank\">V\u00e4rmlands Folkblad<\/a>.\u00a0<\/p>\n<p>Enligt tidningen har Backman nu g\u00e5tt bort efter ett pl\u00f6tsligt sjukdomsfall.\u00a0<\/p>\n<p>\u201dDet \u00e4r med stor sorg som vi har n\u00e5tts av beskedet att v\u00e5r v\u00e4n och kollega Ulf Backman hastigt l\u00e4mnat oss\u201d, skriver klubben <a href=\"https:\/\/www.degerforsif.se\/en-van-och-kollega-har-lamnat-oss\/\" rel=\"nofollow noopener\" target=\"_blank\">p\u00e5 sin hemsida<\/a>.<\/p>\n<p>Ska h\u00e5lla tyst minut<\/p>\n<p>Degerfors meddelar ocks\u00e5 att man efter d\u00f6dsfallet kommer att h\u00e5lla en tyst minut p\u00e5 Stora Valla n\u00e4r Degerfors m\u00f6ter Djurg\u00e5rden p\u00e5 l\u00f6rdag. Spelarna kommer \u00e4ven att b\u00e4ra sorgband under matchen.\u00a0<\/p>\n<p>I bortamatchen mot Sirius den 21 september visade Degerfors-fansen sitt st\u00f6d f\u00f6r Ulf Backman, med en banderoll med budskapet \u201dKrya p\u00e5 dig Ulf\u201d.<\/p>\n<p>Ulf Backman blev 69 \u00e5r.<\/p>\n<p><a href=\"https:\/\/x.com\/dif_degerfors\/status\/1972941781734961237\" data-provider=\"twitter\" class=\"js-social-embed\" rel=\"nofollow\">https:\/\/x.com\/dif_degerfors\/status\/1972941781734961237<\/a><\/p>\n","protected":false},"excerpt":{"rendered":"Publicerad 30 sep 2025 kl 11.31Uppdaterad kl 13.42 Degerfors IF \u00e4r i sorg.\u00a0 Klubbens s\u00e4kerhetsansvarige Ulf Backman har&hellip;\n","protected":false},"author":2,"featured_media":43461,"comment_status":"","ping_status":"","sticky":false,"template":"","format":"standard","meta":{"footnotes":""},"categories":[68],"tags":[555,1235,34,130,129,111,110,31,33,32,30],"class_list":{"0":"post-43460","1":"post","2":"type-post","3":"status-publish","4":"format-standard","5":"has-post-thumbnail","7":"category-sport","8":"tag-organization-allsvenskan","9":"tag-organization-degerfors-if","10":"tag-se","11":"tag-sections-allsvenskan","12":"tag-sections-fotboll","13":"tag-sport","14":"tag-sports","15":"tag-svenska","16":"tag-sverige","17":"tag-sweden","18":"tag-swedish"},"share_on_mastodon":{"url":"","error":""},"_links":{"self":[{"href":"https:\/\/www.europesays.com\/se\/wp-json\/wp\/v2\/posts\/43460","targetHints":{"allow":["GET"]}}],"collection":[{"href":"https:\/\/www.europesays.com\/se\/wp-json\/wp\/v2\/posts"}],"about":[{"href":"https:\/\/www.europesays.com\/se\/wp-json\/wp\/v2\/types\/post"}],"author":[{"embeddable":true,"href":"https:\/\/www.europesays.com\/se\/wp-json\/wp\/v2\/users\/2"}],"replies":[{"embeddable":true,"href":"https:\/\/www.europesays.com\/se\/wp-json\/wp\/v2\/comments?post=43460"}],"version-history":[{"count":0,"href":"https:\/\/www.europesays.com\/se\/wp-json\/wp\/v2\/posts\/43460\/revisions"}],"wp:featuredmedia":[{"embeddable":true,"href":"https:\/\/www.europesays.com\/se\/wp-json\/wp\/v2\/media\/43461"}],"wp:attachment":[{"href":"https:\/\/www.europesays.com\/se\/wp-json\/wp\/v2\/media?parent=43460"}],"wp:term":[{"taxonomy":"category","embeddable":true,"href":"https:\/\/www.europesays.com\/se\/wp-json\/wp\/v2\/categories?post=43460"},{"taxonomy":"post_tag","embeddable":true,"href":"https:\/\/www.europesays.com\/se\/wp-json\/wp\/v2\/tags?post=43460"}],"curies":[{"name":"wp","href":"https:\/\/api.w.org\/{rel}","templated":true}]}}