{"id":43474,"date":"2025-09-30T12:42:08","date_gmt":"2025-09-30T12:42:08","guid":{"rendered":"https:\/\/www.europesays.com\/se\/43474\/"},"modified":"2025-09-30T12:42:08","modified_gmt":"2025-09-30T12:42:08","slug":"mans-tog-medicin-mot-haravfall-tappade-sexlusten","status":"publish","type":"post","link":"https:\/\/www.europesays.com\/se\/43474\/","title":{"rendered":"M\u00e5ns tog medicin mot h\u00e5ravfall \u2013 tappade sexlusten"},"content":{"rendered":"<p>Publicerad 30 sep 2025 kl 13.15Uppdaterad kl 13.31<\/p>\n<p>Allt fler m\u00e4n tar l\u00e4kemedel f\u00f6r att minska h\u00e5ravfall.<\/p>\n<p>P3-reportern M\u00e5ns Ed\u00e9n testade under en m\u00e5nad och fick allvarliga biverkningar.<\/p>\n<p>\u2013 Ingen man vill tappa sexlusten, s\u00e4ger han.\u00a0<\/p>\n<p>Nyheter, reportage och analyser i Sverige och i \u00f6vriga v\u00e4rlden.<img   alt=\"\"\/><\/p>\n<p>M\u00e5ns Ed\u00e9n tog medicin mot h\u00e5ravfall under en m\u00e5nad men var tvungen att sluta.<\/p>\n<p>Foto: Privat<\/p>\n<p>\u00d6ppna bild i helsk\u00e4rm<img loading=\"lazy\"   alt=\"\"\/><\/p>\n<p>Minoxidil sm\u00f6rjs in p\u00e5 huden.<\/p>\n<p>Foto: Privat<\/p>\n<p>\u00d6ppna bild i helsk\u00e4rm<img loading=\"lazy\"   alt=\"\"\/><\/p>\n<p>M\u00e5ns Ed\u00e9n \u00e4r en av personerna bakom P3-podden Paradiso.<\/p>\n<p>Foto: P3<\/p>\n<p>\u00d6ppna bild i helsk\u00e4rm<\/p>\n<p>M\u00e5nga m\u00e4n g\u00e5r l\u00e5ngt f\u00f6r ett bra h\u00e5r. H\u00e5rtransplantationer i Turkiet har blivit ett fenomen och p\u00e5 sociala medier sk\u00e4mtas det om \u201dTurkish hairlines\u201d.<\/p>\n<p>Samtidigt finns det bepr\u00f6vade l\u00e4kemedel som bromsar h\u00e5ravfall. Inom svensk sjukv\u00e5rd anv\u00e4nds s\u00e4rskilt finasterid och minoxidil. Antalet unga m\u00e4n som f\u00e5r finasterid utskrivet har \u00f6kat med cirka 370 procent p\u00e5 tio \u00e5r, enligt Socialstyrelsen.<\/p>\n<p>N\u00e4r <a href=\"https:\/\/www.sverigesradio.se\/avsnitt\/manligt-haravfall-och-metoderna-for-att-fa-tillbaka-kalufsen\" rel=\"nofollow noopener\" target=\"_blank\">P3-podden Paradiso<\/a> n\u00e4rmade sig \u00e4mnet \u201dmanligt h\u00e5ravfall\u201d fick reporter M\u00e5ns Ed\u00e9n, 30, agera f\u00f6rs\u00f6kskanin och testa medicinerna. Han k\u00e4nde inte till dem sj\u00e4lv och tror att m\u00e5nga andra m\u00e4n \u00e4r lika ovetande.<\/p>\n<p>\u2013 Manligt h\u00e5ravfall en s\u00e5n j\u00e4vla grej. Det drabbar de flesta. M\u00e5nga tycker nog att det \u00e4r skitjobbigt, uppenbarligen, eftersom folk \u00e4r villiga att \u00e5ka till Turkiet. S\u00e5 om det finns en s\u00e5n h\u00e4r medicin p\u00e5 marknaden s\u00e5 \u00e4r v\u00e4l det j\u00e4ttebra att folk vet om det innan de g\u00f6r en h\u00e5rtransplantation eller k\u00f6per massa eteriska oljor som inte fungerar, s\u00e4ger han.<\/p>\n<p>Finasterid och Minoxidil <\/p>\n<p>Finasterid anv\u00e4nds f\u00f6r att behandla prostataf\u00f6rstoring och f\u00f6r att bromsa h\u00e5ravfall. Medicinen \u00e4r receptbelagd och tas i tablettform.\u00a0<\/p>\n<p>Finasterid blockerar ett enzym som omvandlar testosteron till DHT \u2013 ett hormon som bidrar till b\u00e5de prostataf\u00f6rstoring och h\u00e5ravfall.<\/p>\n<p>Det rekommenderas till m\u00e4n som \u00e4r mellan 18 och 41 \u00e5r. Behandlingen \u00e4r inte effektiv p\u00e5 m\u00e4n som redan har en etablerad flint.\u00a0<\/p>\n<p>L\u00e4kemedlet beh\u00f6ver tas i flera m\u00e5nader innan man m\u00e4rker n\u00e5gon effekt. F\u00f6r att beh\u00e5lla effekten beh\u00f6ver man forts\u00e4tta ta l\u00e4kemedlet.<\/p>\n<p>Eventuella biverkningar \u00e4r depression, minskad sexlust och \u00e4ven sj\u00e4lvmordstankar.<\/p>\n<p>Den som k\u00e4nner sig nedst\u00e4md ska p\u00e5 en g\u00e5ng avbryta behandlingen, enligt L\u00e4kemedelsverket.<\/p>\n<p>Minoxidil stimulerar h\u00e5rv\u00e4xt genom att \u00f6ka blodfl\u00f6det till h\u00e5rs\u00e4ckarna och kan p\u00e5 s\u00e5 vis f\u00f6rl\u00e4nga h\u00e5rets tillv\u00e4xtfas.<\/p>\n<p>L\u00e4kemedlet \u00e4r en alkoholl\u00f6sning som appliceras i h\u00e5rbotten tv\u00e5 g\u00e5nger om dagen hos personer \u00f6ver 19 \u00e5r.\u00a0<\/p>\n<p>Behandlingen beh\u00f6ver fortg\u00e5 i minst tv\u00e5 m\u00e5nader innan man m\u00e4rker av effekten.\u00a0<\/p>\n<p>Eventuella biverkningar \u00e4r huvudv\u00e4rk och irriterad eller torr h\u00e5rbotten.<\/p>\n<p>Visa merKan h\u00e5ret v\u00e4xa p\u00e5 nytt?\u00a0<\/p>\n<p>Tanken var att M\u00e5ns skulle testa medicinerna under ett halv\u00e5r.\u00a0<\/p>\n<p>Redaktionen ville se om M\u00e5ns faktiskt kunde f\u00e5 tillbaka h\u00e5r, vilket m\u00e5nga m\u00e4n vittnat om p\u00e5 n\u00e4tet. Dock kan inte l\u00e4kemedlen \u00e5teruppliva d\u00f6da h\u00e5rs\u00e4ckar, men eftersom h\u00e5r v\u00e4xer i olika faser kan \u201dvilande\u201d h\u00e5rs\u00e4ckar aktiveras igen.\u00a0<\/p>\n<p>M\u00e5ns har sj\u00e4lv en kompis som tar finasterid och som visat honom sl\u00e5ende f\u00f6re- och efterbilder.<\/p>\n<p>\u2013 Det s\u00e5g verkligen ut som en mirakelkur.<\/p>\n<p>Sj\u00e4lv har han inte lagt s\u00e5 mycket energi p\u00e5 sitt h\u00e5r, men f\u00f6r fyra \u00e5r sedan fick han \u201dfeeling\u201d p\u00e5 semestern och valde att raka av det.<\/p>\n<p>\u2013 N\u00e4r jag s\u00e5g att vikarna var p\u00e5 v\u00e4g s\u00e5 fattades v\u00e4l beslutet \u00e5t mig. Sen \u00e4r det inget jag g\u00e5tt och haft \u00e5ngest \u00f6ver. Men det \u00e4r klart, hade jag f\u00e5tt v\u00e4lja s\u00e5 hade jag ju hellre inte tappat h\u00e5r, vilket jag tror g\u00e4ller f\u00f6r de flesta m\u00e4n, s\u00e4ger han.\u00a0<\/p>\n<p>Tappade sexlusten\u00a0<\/p>\n<p>P\u00e5 senv\u00e5ren i \u00e5r b\u00f6rjade experimentet. M\u00e5ns fick finasterid utskrivet av en n\u00e4tl\u00e4kare och tog en tablett om dagen. Han smorde \u00e4ven in h\u00e5ret med minoxidil.<\/p>\n<p>Men ganska snart st\u00f6tte han p\u00e5 patrull. Det b\u00f6rjade med att han skojade p\u00e5 jobbet om att han tappat livsgl\u00e4djen. Han m\u00e4rkte ocks\u00e5 att sexlusten, eller vad Freud kallade \u201dlibido\u201d, minskade.<\/p>\n<p>\u2013 Det var en tydlig skillnad i libido. Och d\u00e5 menar jag faktisk libido i ordets r\u00e4tta bem\u00e4rkelse och \u00e4ven livsgl\u00e4djen. Magk\u00e4nslan var \u00e4nd\u00e5 att det hade med medicinerna att g\u00f6ra. Jag k\u00e4nde mig sl\u00f6, omotiverad, l\u00e5genergisk och inte glad, s\u00e4ger han.<\/p>\n<p>Annons<\/p>\n<p>Bara en m\u00e5nad in valde han att sluta och blev snabbt som vanligt.<\/p>\n<p>Det \u00e4r k\u00e4nt att finasterid kan ge biverkningar som minskad sexlust och nedst\u00e4mdhet. I b\u00f6rjan av maj varnade EU:s l\u00e4kemedelsmyndighet EMA ocks\u00e5 f\u00f6r ytterligare en biverkning: sj\u00e4lvmordstankar. Samtidigt f\u00e5r de allra flesta inga biverkningar alls.<\/p>\n<p>Hur blev det med h\u00e5rv\u00e4xten d\u00e5? Inget vidare, enligt M\u00e5ns.<\/p>\n<p>\u2013 Jag var sugen p\u00e5 att tolka fjunen i pannan som att man fick tillbaka h\u00e5ret, men nej, man beh\u00f6ver ta det under en l\u00e4ngre tid, s\u00e4ger han.<\/p>\n<p>Snackis bland m\u00e4n\u00a0<\/p>\n<p>H\u00e5ravfall \u00e4r n\u00e5got som diskuteras bland hans v\u00e4nner och som han tror att m\u00e5nga m\u00e4n oroar sig f\u00f6r.<\/p>\n<p>\u2013 Viljan att korrigera sitt utseende har historiskt sett f\u00f6rknippats med kvinnor, och nu b\u00f6rjar det v\u00e4l r\u00f6ra sig in p\u00e5 v\u00e5rt omr\u00e5de ocks\u00e5. Jag har sj\u00e4lv kompisar som sm\u00f6rjer in h\u00e5ret med s\u00e5n h\u00e4r meningsl\u00f6s olja varje dag, s\u00e4ger han.<\/p>\n<p>Till den man som vill testa finasterid s\u00e4ger han s\u00e5 h\u00e4r:<\/p>\n<p>\u2013 Om man k\u00e4nner att man inte kommer bli lycklig utan h\u00e5r, s\u00e5 testa, men var uppm\u00e4rksam p\u00e5 biverkningarna \u2013 det \u00e4r inte kul. Jag tror inte att n\u00e5gon man vill tappa sexlusten.<\/p>\n","protected":false},"excerpt":{"rendered":"Publicerad 30 sep 2025 kl 13.15Uppdaterad kl 13.31 Allt fler m\u00e4n tar l\u00e4kemedel f\u00f6r att minska h\u00e5ravfall. P3-reportern&hellip;\n","protected":false},"author":2,"featured_media":43475,"comment_status":"","ping_status":"","sticky":false,"template":"","format":"standard","meta":{"footnotes":""},"categories":[14],"tags":[22,23,26,27,17,21,24,25,28,29,15,16,2412,18,34,154,31,33,32,30,19,4477,20,51,52,53,54],"class_list":{"0":"post-43474","1":"post","2":"type-post","3":"status-publish","4":"format-standard","5":"has-post-thumbnail","7":"category-varlden","8":"tag-breaking-news","9":"tag-breakingnews","10":"tag-featured-news","11":"tag-featurednews","12":"tag-headlines","13":"tag-huvudnyheter","14":"tag-latest-news","15":"tag-latestnews","16":"tag-main-news","17":"tag-mainnews","18":"tag-news","19":"tag-nyheter","20":"tag-organization-p3","21":"tag-rubriker","22":"tag-se","23":"tag-sections-sverige","24":"tag-svenska","25":"tag-sverige","26":"tag-sweden","27":"tag-swedish","28":"tag-top-stories","29":"tag-topic-skonhetsingrepp","30":"tag-topstories","31":"tag-varlden","32":"tag-world","33":"tag-world-news","34":"tag-worldnews"},"share_on_mastodon":{"url":"","error":""},"_links":{"self":[{"href":"https:\/\/www.europesays.com\/se\/wp-json\/wp\/v2\/posts\/43474","targetHints":{"allow":["GET"]}}],"collection":[{"href":"https:\/\/www.europesays.com\/se\/wp-json\/wp\/v2\/posts"}],"about":[{"href":"https:\/\/www.europesays.com\/se\/wp-json\/wp\/v2\/types\/post"}],"author":[{"embeddable":true,"href":"https:\/\/www.europesays.com\/se\/wp-json\/wp\/v2\/users\/2"}],"replies":[{"embeddable":true,"href":"https:\/\/www.europesays.com\/se\/wp-json\/wp\/v2\/comments?post=43474"}],"version-history":[{"count":0,"href":"https:\/\/www.europesays.com\/se\/wp-json\/wp\/v2\/posts\/43474\/revisions"}],"wp:featuredmedia":[{"embeddable":true,"href":"https:\/\/www.europesays.com\/se\/wp-json\/wp\/v2\/media\/43475"}],"wp:attachment":[{"href":"https:\/\/www.europesays.com\/se\/wp-json\/wp\/v2\/media?parent=43474"}],"wp:term":[{"taxonomy":"category","embeddable":true,"href":"https:\/\/www.europesays.com\/se\/wp-json\/wp\/v2\/categories?post=43474"},{"taxonomy":"post_tag","embeddable":true,"href":"https:\/\/www.europesays.com\/se\/wp-json\/wp\/v2\/tags?post=43474"}],"curies":[{"name":"wp","href":"https:\/\/api.w.org\/{rel}","templated":true}]}}