{"id":43621,"date":"2025-09-30T15:09:07","date_gmt":"2025-09-30T15:09:07","guid":{"rendered":"https:\/\/www.europesays.com\/se\/43621\/"},"modified":"2025-09-30T15:09:07","modified_gmt":"2025-09-30T15:09:07","slug":"justin-bieber-hanas-efter-inlagg-slapp-henne","status":"publish","type":"post","link":"https:\/\/www.europesays.com\/se\/43621\/","title":{"rendered":"Justin Bieber h\u00e5nas efter inl\u00e4gg: \u201dSl\u00e4pp henne\u201d"},"content":{"rendered":"<p>Publicerad 30 sep 2025 kl 17.00<\/p>\n<p>\u201dDu f\u00f6rlorade henne.\u201d<\/p>\n<p>\u201dSl\u00e4pp henne.\u201d<\/p>\n<p>\u201dDitt livs k\u00e4rlek gifte sig precis.\u201d<\/p>\n<p>Selena Gomez fick sin Benny Blanco.<\/p>\n<p>Nu h\u00e5nas exet Justin Bieber av fansen p\u00e5 sociala medier.<\/p>\n<p><img   alt=\"\"\/><\/p>\n<p>Justin Bieber i Los Angeles nu i september 2015.<\/p>\n<p>Foto: INSTAR \/ STELLA PICTURES \/ STELLA PICTURES \/ INSTAR IMAGES INSTAR IMAGES<\/p>\n<p>\u00d6ppna bild i helsk\u00e4rm<img loading=\"lazy\"   alt=\"\"\/><\/p>\n<p>Justin Bieber gifte sig med sin nuvarande fru Hailey Bieber 2018.<\/p>\n<p>Foto: Evan Agostini \/ AP TT NYHETSBYR\u00c5N<\/p>\n<p>\u00d6ppna bild i helsk\u00e4rm<img loading=\"lazy\"   alt=\"\"\/><\/p>\n<p>Selena Gomez och musikproducenten Benny Blanco gifte sig i helgen i Santa Barbara, Kalifornien.<\/p>\n<p>Foto: DAVID FISHER\/SHUTTERSTOCK \/ SHUTTERSTOCK EDITORIAL\/IBL<\/p>\n<p>\u00d6ppna bild i helsk\u00e4rm<img loading=\"lazy\"   alt=\"\"\/><\/p>\n<p>Hailey och Justin fick barn tillsammans 2024.<\/p>\n<p>Foto: DDP\/STELLA PICTURES<\/p>\n<p>\u00d6ppna bild i helsk\u00e4rm<\/p>\n<p>Sk\u00e5despelaren och artisten Selena Gomez, 33, har gift sig med musikproducenten Benny Blanco, 37, i Santa Barbara, Kalifornien.<\/p>\n<p>Paret har dejtat sedan 2023 och f\u00f6rlovade sig i december f\u00f6rra \u00e5ret.<\/p>\n<p>P\u00e5 det exklusiva br\u00f6llopet med 170 g\u00e4ster fanns bland andra superstj\u00e4rnorna Taylor Swift och Ed Sheeran.<\/p>\n<p>Bara timmar efter det omskrivna br\u00f6llopet postar en annan v\u00e4lk\u00e4nd artist en rad bilder och videor p\u00e5 sin Instagram. Det \u00e4r <a href=\"https:\/\/www.expressen.se\/tagg\/person\/justin-bieber\/\" class=\"\" rel=\"nofollow noopener\" target=\"_blank\">Justin Bieber<\/a>, som hade en omskriven av- och p\u00e5relation med Selena Gomez mellan 2010 och 2018.<\/p>\n<p><img loading=\"lazy\"   alt=\"\"\/><\/p>\n<p>Selena Gomez och Justin Bieber tillsammans 2011.<\/p>\n<p>Foto: CHRIS PIZZELLO \/ AP TT NYHETSBYR\u00c5N<\/p>\n<p>\u00d6ppna bild i helsk\u00e4rm\u201dLite galet\u201d<\/p>\n<p>I inl\u00e4ggen spelar han basket p\u00e5 The League court i Los Angeles och till ett av inl\u00e4ggen h\u00f6rs Justins nya l\u00e5t \u201dI do\u201d spelas i bakgrunden \u2013 en detalj som nu f\u00e5tt m\u00e5nga av hans fans att reagera \u00f6ver tajmingen i kommentarsf\u00e4ltet.\u00a0<\/p>\n<p>\u201dN\u00e5gon annan som tycker det \u00e4r roligt att l\u00e5ten han valde \u00e4r &#8217;I Do&#8217;?\u201d skriver en anv\u00e4ndare.<\/p>\n<p>\u00a0\u201dLite galet att l\u00e4gga upp det h\u00e4r &#8217;I do&#8217; just den dag hans ex gifter sig\u201d, skriver en annan.<\/p>\n<p>\u201dSl\u00e4pp henne\u201d och \u201dDitt livs k\u00e4rlek gifte sig precis\u201d, skriver ett par andra.<\/p>\n<p>Har en son tillsammans<\/p>\n<p>Justin och Selena tr\u00e4ffades f\u00f6r f\u00f6rsta g\u00e5ngen 2009, n\u00e4r de introducerades f\u00f6r varandra av sina managers.<\/p>\n<p>Justin Bieber gifte sig med nuvarande hustrun Hailey Bieber i september 2018 och l\u00e5ten \u201dI do\u201d kom ut tidigare i september. Tillsammans har Justin och Hailey sonen Jack Blues som f\u00f6ddes i maj f\u00f6rra \u00e5ret.<\/p>\n","protected":false},"excerpt":{"rendered":"Publicerad 30 sep 2025 kl 17.00 \u201dDu f\u00f6rlorade henne.\u201d \u201dSl\u00e4pp henne.\u201d \u201dDitt livs k\u00e4rlek gifte sig precis.\u201d Selena&hellip;\n","protected":false},"author":2,"featured_media":43622,"comment_status":"","ping_status":"","sticky":false,"template":"","format":"standard","meta":{"footnotes":""},"categories":[67],"tags":[104,1997,4487,4486,1029,4485,34,31,33,32,30,401,310,105],"class_list":{"0":"post-43621","1":"post","2":"type-post","3":"status-publish","4":"format-standard","5":"has-post-thumbnail","7":"category-underhallning","8":"tag-entertainment","9":"tag-location-los-angeles","10":"tag-location-santa-barbara","11":"tag-person-hailey-bieber","12":"tag-person-justin-bieber","13":"tag-person-selena-gomez","14":"tag-se","15":"tag-svenska","16":"tag-sverige","17":"tag-sweden","18":"tag-swedish","19":"tag-topic-brollop","20":"tag-topic-kandisar","21":"tag-underhallning"},"share_on_mastodon":{"url":"","error":""},"_links":{"self":[{"href":"https:\/\/www.europesays.com\/se\/wp-json\/wp\/v2\/posts\/43621","targetHints":{"allow":["GET"]}}],"collection":[{"href":"https:\/\/www.europesays.com\/se\/wp-json\/wp\/v2\/posts"}],"about":[{"href":"https:\/\/www.europesays.com\/se\/wp-json\/wp\/v2\/types\/post"}],"author":[{"embeddable":true,"href":"https:\/\/www.europesays.com\/se\/wp-json\/wp\/v2\/users\/2"}],"replies":[{"embeddable":true,"href":"https:\/\/www.europesays.com\/se\/wp-json\/wp\/v2\/comments?post=43621"}],"version-history":[{"count":0,"href":"https:\/\/www.europesays.com\/se\/wp-json\/wp\/v2\/posts\/43621\/revisions"}],"wp:featuredmedia":[{"embeddable":true,"href":"https:\/\/www.europesays.com\/se\/wp-json\/wp\/v2\/media\/43622"}],"wp:attachment":[{"href":"https:\/\/www.europesays.com\/se\/wp-json\/wp\/v2\/media?parent=43621"}],"wp:term":[{"taxonomy":"category","embeddable":true,"href":"https:\/\/www.europesays.com\/se\/wp-json\/wp\/v2\/categories?post=43621"},{"taxonomy":"post_tag","embeddable":true,"href":"https:\/\/www.europesays.com\/se\/wp-json\/wp\/v2\/tags?post=43621"}],"curies":[{"name":"wp","href":"https:\/\/api.w.org\/{rel}","templated":true}]}}