{"id":43625,"date":"2025-09-30T15:13:16","date_gmt":"2025-09-30T15:13:16","guid":{"rendered":"https:\/\/www.europesays.com\/se\/43625\/"},"modified":"2025-09-30T15:13:16","modified_gmt":"2025-09-30T15:13:16","slug":"polisens-beslag-efterrazzian-i-pontus-rasmussons-hem","status":"publish","type":"post","link":"https:\/\/www.europesays.com\/se\/43625\/","title":{"rendered":"Polisens beslag efter\nrazzian i Pontus Rasmussons hem"},"content":{"rendered":"<p>Publicerad 30 sep 2025 kl 09.39Uppdaterad kl 13.55<\/p>\n<p>Pontus Rasmusson, 27, misst\u00e4nks f\u00f6r flera ekobrott.<\/p>\n<p>I maj slog polisen till med en husrannsakan i hans hem.<\/p>\n<p>I f\u00f6rh\u00f6r s\u00e4ger han att han \u201daldrig velat undanh\u00e5lla pengar fr\u00e5n staten\u201d \u2013 och v\u00e4djar om mildare straff f\u00f6r att han var \u201dung och oerfaren\u201d.<\/p>\n<p><img   alt=\"\"\/><\/p>\n<p>Pontus Rasmusson har tidigare blivit avst\u00e4ngd fr\u00e5n Youtube.<\/p>\n<p>Foto: Youtube<\/p>\n<p>\u00d6ppna bild i helsk\u00e4rm<img loading=\"lazy\"   alt=\"\"\/><\/p>\n<p>Pontus Rasmusson.<\/p>\n<p>Foto: Snapchat<\/p>\n<p>\u00d6ppna bild i helsk\u00e4rmArtikeln i korhet<\/p>\n<p> Influencern Pontus Rasmusson \u00e5talas nu f\u00f6r flera ekobrott.<\/p>\n<p>\u00a0I f\u00f6rh\u00f6r v\u00e4djar han om att slippa n\u00e4ringsf\u00f6rbud d\u00e5 han var \u201dung och oerfaren\u201d.<\/p>\n<p> Han ber\u00e4ttar ocks\u00e5 om n\u00e4r han blev avst\u00e4ngd fr\u00e5n Youtube.<\/p>\n<p>Visa mer<\/p>\n<p>Influencern Pontus Rasmusson \u00e4r en av de st\u00f6rsta i Sverige mot en yngre m\u00e5lgrupp. Tidigare var han stor p\u00e5 Youtube, men d\u00e4rifr\u00e5n har han st\u00e4ngts av.<\/p>\n<p>P\u00e5 m\u00e5ndagen \u00e5talades Pontus Rasmusson f\u00f6r tv\u00e5 fall av grovt bokf\u00f6ringsbrott och tv\u00e5 fall av f\u00f6rsv\u00e5rande av skattekontroll.<\/p>\n<p>Totalt handlar det enligt \u00e5klagaren om oredovisade int\u00e4kter p\u00e5 \u00f6ver 2,3 miljoner kronor \u00e5r 2020 och 2021.<\/p>\n<p>Han riskerar tre \u00e5rs n\u00e4ringsf\u00f6rbud och en f\u00f6retagsbot p\u00e5 en miljon kronor.<\/p>\n<p>I v\u00e5ras f\u00f6rh\u00f6rdes han av polis. Rasmusson ber\u00e4ttade d\u00e5 att han efter att Youtube st\u00e4ngts ner fr\u00e4mst tj\u00e4nat pengar p\u00e5 Instagram, videoh\u00e4lsningar och l\u00e5tar d\u00e4r han sjunger.<\/p>\n<p>\u201dPengarna kommer fr\u00e5n Spotify, Instagram, Facebook och Apple music\u201d, uppgav han i f\u00f6rh\u00f6ret.<\/p>\n<p>P\u00e5 fr\u00e5gan om vilka kunder han har svarade han:<\/p>\n<p>\u201dDen yngre generationen, killar och tjejer.\u201d<\/p>\n<p>Pontus Rasmussons f\u00f6rklaring\u00a0<\/p>\n<p>Han s\u00e4ger att han var \u201dlite sn\u00e5l\u201d n\u00e4r han startade bolaget 2018 och inte ville anv\u00e4nda sig av n\u00e5gon dyr programvara utan i st\u00e4llet \u201dbokf\u00f6rde allt f\u00f6r hand\u201d.<\/p>\n<p>Dagen efter f\u00f6rh\u00f6ret, den 20 maj i \u00e5r, slog polisen till med en husrannsakan vid tv\u00e5 adresser: Hans eget hem och en sl\u00e4ktings.<\/p>\n<p>Totalt beslagtogs flera p\u00e4rmar, mobiltelefoner, en dator, USB-sticka och en extern h\u00e5rddisk.<\/p>\n<p>I ett senare telefonf\u00f6rh\u00f6r fick Pontus Rasmusson ge sin syn p\u00e5 risken f\u00f6r att drabbas av n\u00e4ringsf\u00f6rbud.<\/p>\n<p>\u2013 Jag bestrider det. Jag tycker att straffet \u00e4r f\u00f6r h\u00e5rt p\u00e5 grund av att jag precis hade startat min enskilda firma d\u00e5 var ung och oerfaren, s\u00e4ger han.<\/p>\n<p>Misstankarna g\u00e4ller brott beg\u00e5ngna 2020 och 2021.<\/p>\n<p>Pontus Rasmusson nekar enligt \u00e5talet till brott.<\/p>\n<p>Hans advokat Tomas Malm ville p\u00e5 m\u00e5ndagen inte kommentera \u00e5talet.<\/p>\n<p>Expressen har s\u00f6kt Malm igen.<\/p>\n<p>\u201dSexuellt inneh\u00e5ll\u201d<\/p>\n<p>I polisf\u00f6rh\u00f6r ber\u00e4ttar Pontus Rasmusson ocks\u00e5 om n\u00e4r han blev avst\u00e4ngd fr\u00e5n Youtube 2022. Han hade d\u00e5 granskats av Svenska Dagbladet.<\/p>\n<p>\u201dEfter granskning s\u00e5 har vi st\u00e4ngt ned Pontus Rasmussons konto, inklusive de olika kanalerna, f\u00f6r att ha brutit mot v\u00e5r barns\u00e4kerhetspolicy, vilken f\u00f6rbjuder inneh\u00e5ll som sexualiserar minder\u00e5riga\u201d, <a href=\"https:\/\/www.expressen.se\/noje\/pontus-rasmussons-kanal-stangs-ner\/\" rel=\"nofollow noopener\" target=\"_blank\">skrev Zayna Aston, kommunikationsmanager p\u00e5 Youtube, till Expressen.<\/a><\/p>\n<p>Nu s\u00e4ger Pontus Rasmusson att han fick \u201dtre strikes och Youtube st\u00e4ngde ner kanalen\u201d.<\/p>\n<p>\u201dPontus ber\u00e4ttar att han hade lagt ut f\u00f6ljares hemligheter vilket Youtube hittade och d\u00e4rmed st\u00e4ngde ner kanalen.\u201d\u00a0<\/p>\n<p>Han s\u00e4ger ocks\u00e5 att det var \u201dsexuellt inneh\u00e5ll\u201d i de aktuella \u201dhemligheterna\u201d.<\/p>\n<p>I somras fick Pontus Rasmusson ny uppm\u00e4rksamhet d\u00e5 han <a href=\"https:\/\/www.expressen.se\/noje\/pontus-rasmussons-svar-efter-kritiken-om-onlyfans\/\" rel=\"nofollow noopener\" target=\"_blank\">b\u00f6rjade s\u00e4lja porr p\u00e5 Onlyfans.<\/a><\/p>\n","protected":false},"excerpt":{"rendered":"Publicerad 30 sep 2025 kl 09.39Uppdaterad kl 13.55 Pontus Rasmusson, 27, misst\u00e4nks f\u00f6r flera ekobrott. I maj slog&hellip;\n","protected":false},"author":2,"featured_media":43626,"comment_status":"","ping_status":"","sticky":false,"template":"","format":"standard","meta":{"footnotes":""},"categories":[12],"tags":[22,23,26,27,440,17,21,24,25,28,29,15,16,18,34,31,33,32,30,19,20],"class_list":{"0":"post-43625","1":"post","2":"type-post","3":"status-publish","4":"format-standard","5":"has-post-thumbnail","7":"category-sverige","8":"tag-breaking-news","9":"tag-breakingnews","10":"tag-featured-news","11":"tag-featurednews","12":"tag-function-unga","13":"tag-headlines","14":"tag-huvudnyheter","15":"tag-latest-news","16":"tag-latestnews","17":"tag-main-news","18":"tag-mainnews","19":"tag-news","20":"tag-nyheter","21":"tag-rubriker","22":"tag-se","23":"tag-svenska","24":"tag-sverige","25":"tag-sweden","26":"tag-swedish","27":"tag-top-stories","28":"tag-topstories"},"share_on_mastodon":{"url":"","error":""},"_links":{"self":[{"href":"https:\/\/www.europesays.com\/se\/wp-json\/wp\/v2\/posts\/43625","targetHints":{"allow":["GET"]}}],"collection":[{"href":"https:\/\/www.europesays.com\/se\/wp-json\/wp\/v2\/posts"}],"about":[{"href":"https:\/\/www.europesays.com\/se\/wp-json\/wp\/v2\/types\/post"}],"author":[{"embeddable":true,"href":"https:\/\/www.europesays.com\/se\/wp-json\/wp\/v2\/users\/2"}],"replies":[{"embeddable":true,"href":"https:\/\/www.europesays.com\/se\/wp-json\/wp\/v2\/comments?post=43625"}],"version-history":[{"count":0,"href":"https:\/\/www.europesays.com\/se\/wp-json\/wp\/v2\/posts\/43625\/revisions"}],"wp:featuredmedia":[{"embeddable":true,"href":"https:\/\/www.europesays.com\/se\/wp-json\/wp\/v2\/media\/43626"}],"wp:attachment":[{"href":"https:\/\/www.europesays.com\/se\/wp-json\/wp\/v2\/media?parent=43625"}],"wp:term":[{"taxonomy":"category","embeddable":true,"href":"https:\/\/www.europesays.com\/se\/wp-json\/wp\/v2\/categories?post=43625"},{"taxonomy":"post_tag","embeddable":true,"href":"https:\/\/www.europesays.com\/se\/wp-json\/wp\/v2\/tags?post=43625"}],"curies":[{"name":"wp","href":"https:\/\/api.w.org\/{rel}","templated":true}]}}