{"id":43727,"date":"2025-09-30T17:36:17","date_gmt":"2025-09-30T17:36:17","guid":{"rendered":"https:\/\/www.europesays.com\/se\/43727\/"},"modified":"2025-09-30T17:36:17","modified_gmt":"2025-09-30T17:36:17","slug":"de-kan-ersatta-henrik-rydstrom-i-malmo-ff","status":"publish","type":"post","link":"https:\/\/www.europesays.com\/se\/43727\/","title":{"rendered":"De kan ers\u00e4tta Henrik Rydstr\u00f6m i Malm\u00f6 FF"},"content":{"rendered":"<p><strong>Henrik Rydstr\u00f6m har sparkats och jakten p\u00e5 en ers\u00e4ttare har inletts.<br \/>Fr\u00e5gan alla st\u00e4ller sig nu \u00e4r s\u00e5klart, vem kommer att tr\u00e4na <a href=\"https:\/\/fotbolldirekt.se\/klubb\/malmo-ff\/\" rel=\"nofollow noopener\" target=\"_blank\">Malm\u00f6 FF<\/a> n\u00e4sta s\u00e4song?<br \/>FotbollDirekt listar h\u00e4r ett g\u00e4ng olika alternativ f\u00f6r storklubben. <\/strong><\/p>\n<p><img loading=\"lazy\" decoding=\"async\" width=\"1024\" height=\"576\" src=\"https:\/\/www.europesays.com\/se\/wp-content\/uploads\/2025\/09\/mff_tranare-1024x576.jpg\" alt=\"\" class=\"wp-image-323621\"  \/>Foto: Bildbyr\u00e5n<\/p>\n<p>Henrik Rydstr\u00f6ms tid i Malm\u00f6 FF n\u00e5dde sitt slut f\u00f6rra veckan.<br \/>F\u00f6rlusten mot Ludogorets blev droppen som fick b\u00e4garen att rinna \u00f6ver och morgonen d\u00e4rp\u00e5 <a href=\"https:\/\/fotbolldirekt.se\/allsvenskan\/beskedet-malmo-ff-sparkar-henrik-rydstrom\/\" rel=\"nofollow noopener\" target=\"_blank\">stod det klart att han sparkats av de regerande m\u00e4starna.<\/a><\/p>\n<p>Anes Mravac har tagit \u00f6ver som interimtr\u00e4nare samtidigt som jakten p\u00e5 en ers\u00e4ttare har inletts.<br \/>Thomas Thomasberg var det f\u00f6rsta namnet som n\u00e4mndes i media, men honom blir det inte d\u00e5 <a href=\"https:\/\/fotbolldirekt.se\/silly-season\/klubben-bekraftar-thomasberg-klar-svart-att-forneka\/\" rel=\"nofollow noopener\" target=\"_blank\">det \u00e4r bekr\u00e4ftat att han tar \u00f6ver Pogon Szczecin.<\/a><\/p>\n<p>I dagsl\u00e4get \u00e4r det med andra ord ytterst oklart vem som kommer att ers\u00e4tta Henrik Rydstr\u00f6m, men f\u00f6r att ge lite mer klarhet i fr\u00e5gan har FotbollDirekt valt att lista ett g\u00e4ng olika namn som nog mycket v\u00e4l kan finnas med p\u00e5 Daniel Anderssons lista i jakten p\u00e5 en ny huvudtr\u00e4nare. <\/p>\n<p>Ole Gunnar Solskj\u00e6r<\/p>\n<p><strong>Nuvarande uppdrag:<\/strong> Klubbl\u00f6s<br \/><strong>Kommentar: <\/strong>Malm\u00f6 FF lockade \u00f6ver en f\u00f6re detta dansk storanfallare f\u00f6r n\u00e5gra \u00e5r sedan i Jon Dahl Tomasson, fr\u00e5gan \u00e4r om man kan g\u00f6ra detsamma men med en norsk. Ole Gunnar Solskj\u00e6r fick sparken av Besiktas i slutet av augusti och det k\u00e4nns inte helt ot\u00e4nkbart att norrmannen kan komma hem till Skandinavien f\u00f6r att f\u00e5 fart p\u00e5 tr\u00e4narkarri\u00e4ren igen. <\/p>\n<p><img loading=\"lazy\" decoding=\"async\" width=\"1024\" height=\"576\" src=\"https:\/\/www.europesays.com\/se\/wp-content\/uploads\/2025\/09\/OGS-1024x576.jpg\" alt=\"\" class=\"wp-image-323202\"  \/>Det har ju blivit succ\u00e9 f\u00f6rr med en tidigare storanfallare fr\u00e5n ett grannland. Foto: Bildbyr\u00e5n<\/p>\n<p>Daniel B\u00e4ckstr\u00f6m<\/p>\n<p><strong>Nuvarande uppdrag:<\/strong> Svenska U21-landslaget<br \/><strong>Kommentar:<\/strong> Daniel B\u00e4ckstr\u00f6m har bossat \u00f6ver det svenska U21-landslaget sedan h\u00f6sten 2022 och sitter p\u00e5 ett kontrakt fram till sommaren 2027. Inget har hittills tytt p\u00e5 att B\u00e4ckstr\u00f6m eller f\u00f6rbundet vill bryta med den andra, men vi har tidigare sett vad som h\u00e4nder med U21-personal (Bartosz Grzelak till AIK) n\u00e4r allsvenska storklubbar kommer och knackar p\u00e5 d\u00f6rren. <\/p>\n<p>Bartosz Grzelak<\/p>\n<p><strong>Nuvarande uppdrag:<\/strong> Klubbl\u00f6s<br \/><strong>Kommentar: <\/strong>Den f\u00f6rre <a href=\"https:\/\/fotbolldirekt.se\/klubb\/aik-fotboll\/\" rel=\"nofollow noopener\" target=\"_blank\">AIK<\/a>-tr\u00e4naren fick l\u00e4mna ungerska Ujpest tidigare i \u00e5r och st\u00e5r sedan dess utan uppdrag. Sejouren i AIK f\u00e5r v\u00e4l anses vara godk\u00e4nd, framf\u00f6rallt v\u00e5ren 2022 d\u00e5 han visade vad han kunde utr\u00e4tta med klasspelare (Jordan Larsson) i truppen. \u00c4r det n\u00e5got han skulle ha tillg\u00e5ng till i MFF s\u00e5 \u00e4r det just klasspelare. <\/p>\n<p>Graham Potter<\/p>\n<p><strong>Nuvarande uppdrag:<\/strong> Klubbl\u00f6s<br \/><strong>Kommentar: <\/strong>\u00d6stersunds FK:s f\u00f6rre succ\u00e9tr\u00e4nare har haft tv\u00e5 mindre lyckade uppdrag i rad i Chelsea och i West Ham, som han fick sparken av s\u00e5 sent som i helgen, men f\u00f6r Malm\u00f6 FF l\u00e4r han fortfarande vara ett dr\u00f6mnamn (han har ju valts bort av klubben tidigare). Det som sj\u00e4lvklart talar emot \u00e4r s\u00e5klart kostnaden och fr\u00e5gan d\u00e4r \u00e4r ifall Potter \u00e4r villig att inte f\u00e5 en Premier League-l\u00f6n, f\u00f6r \u00e4r han villig att s\u00e4nka sina krav kan nog n\u00e4sta uppdrag bli i Sk\u00e5ne. <\/p>\n<p><img loading=\"lazy\" decoding=\"async\" width=\"1024\" height=\"576\" src=\"https:\/\/www.europesays.com\/se\/wp-content\/uploads\/2025\/09\/Graham-Potter-1024x576.jpg\" alt=\"\" class=\"wp-image-323201\"  \/>Kan det vara nu som det \u00e4r r\u00e4tt l\u00e4ge f\u00f6r Potter i MFF? Foto: Bildbyr\u00e5n<\/p>\n<p>Alfred\u00a0Johansson<\/p>\n<p><strong>Nuvarande uppdrag:<\/strong> Rosenborgs BK<br \/><strong>Kommentar: <\/strong>Unge Alfred\u00a0Johansson bossar som bekant \u00f6ver Rosenborgs BK och svensken bel\u00f6nades nyligen med ett nytt kontrakt av den norska storklubben. \u00c4ven om Johansson p\u00e5 m\u00e5nga s\u00e4tt fortfarande \u00e4r r\u00e4tt opr\u00f6vad s\u00e5 skulle det vara ett statement av Malm\u00f6 FF att g\u00e5 in och k\u00f6pa loss honom fr\u00e5n en s\u00e5 stor skandinavisk rival som Rosenborg. Verbalt uttryckte sig \u00e4ven Johansson p\u00e5 ett imponerande s\u00e4tt efter att man besegrat Hammarby i kvalet till Conference League.<\/p>\n<p>Kalle Karlsson<\/p>\n<p><strong>Nuvarande uppdrag<\/strong>: V\u00e4ster\u00e5s SK <br \/><strong>Kommentar: <\/strong>N\u00e4r Henrik Rydstr\u00f6m tog \u00f6ver Malm\u00f6 FF k\u00e4ndes han som den givna arvtagaren, \u00e4ven om det fanns flera sp\u00e4nnande tr\u00e4nare h\u00e4r p\u00e5 hemmaplan. Nu k\u00e4nns marknaden kanske inte lika sp\u00e4nnande ur ett MFF-perspektiv, men i VSK l\u00e4r \u00e4nd\u00e5 Kalle Karlsson vara av intresse. Visst vad han kan g\u00f6ra stord\u00e5d med sm\u00e5 medal, fr\u00e5gan \u00e4r dock bara om han \u00e4r redo f\u00f6r en storklubb. <\/p>\n<p>Jess Thorup <\/p>\n<p><strong>Nuvarande uppdrag: <\/strong>Klubbl\u00f6s<br \/><strong>Kommentar: <\/strong>Dansken fick l\u00e4mna Bundesliga-klubben Augusburg efter den f\u00f6reg\u00e5ende s\u00e4songen efter utebliven succ\u00e9. Resultat och framg\u00e5ngar har han dock haft p\u00e5 hemmaplan i b\u00e5de FC Midtjylland och FC K\u00f6penhamn, n\u00e5got som skulle kunna f\u00e5 med honom p\u00e5 en lista hos Malm\u00f6 FF. <\/p>\n<p>Olof Mellberg<\/p>\n<p><strong>Nuvarande uppdrag:<\/strong> Klubbl\u00f6s<br \/><strong>Kommentar:<\/strong> Det b\u00f6rjade r\u00e4tt bra borta i USA f\u00f6r Mellberg, men totalt sett s\u00e5 blev det bara 17 matcher f\u00f6r honom i St. Louis City. Visst har hans aktie skadats lite av det, men h\u00e4r p\u00e5 hemmaplan var han ju innan dess h\u00f6gaktuell f\u00f6r det svenska herrlandslaget och det skulle inte vara f\u00f6rv\u00e5nande ifall han finns med p\u00e5 Daniel Anderssons lista. <\/p>\n<p><img loading=\"lazy\" decoding=\"async\" width=\"1024\" height=\"576\" src=\"https:\/\/www.europesays.com\/se\/wp-content\/uploads\/2025\/09\/Olof-1024x576.jpg\" alt=\"\" class=\"wp-image-323200\"  \/>V\u00e4nder Mellberg hem efter tuffa tiden i USA? Foto: Bildbyr\u00e5n<\/p>\n<p>Per Mathias H\u00f6gmo<\/p>\n<p><strong>Nuvarande uppdrag:<\/strong> Klubbl\u00f6s<br \/><strong>Kommentar:<\/strong> Efter succ\u00e9n och SM-guldet med <a href=\"https:\/\/fotbolldirekt.se\/klubb\/bk-hacken\/\" rel=\"nofollow noopener\" target=\"_blank\">BK H\u00e4cken<\/a> har det g\u00e5tt tyngre f\u00f6r norrmannen i s\u00e5v\u00e4l japanska Urawa Red Diamonds som p\u00e5 hemmaplan i Molde FK. \u00c4r det n\u00e5got 65-\u00e5ringen dock visat att han kan genom \u00e5ren s\u00e5 \u00e4r det allsvenskan och en comeback i Sverige \u00e4r nog inte om\u00f6jlig. <\/p>\n<p>Anes Mravac<\/p>\n<p><strong>Nuvarande uppdrag:<\/strong> Interimtr\u00e4nare Malm\u00f6 FF<br \/><strong>Kommentar: <\/strong>Anes Mravac har tagit \u00f6ver som tillf\u00e4llig l\u00f6sning och det l\u00e4r stanna d\u00e4r, men det blev seger i premi\u00e4ren och skulle det bli succ\u00e9 under h\u00f6sten \u00e4r det inte helt ot\u00e4nkbart att han f\u00e5r chansen permanent. Det som l\u00e4r avg\u00f6ra ifall det blir 36-\u00e5ringen eller inte \u00e4r hur starka kandidater MFF f\u00e5r fram i \u00f6vrigt. <\/p>\n<p>Kim Bergstrand och Thomas Lagerl\u00f6f<\/p>\n<p><strong>Nuvarande uppdrag:<\/strong> Klubbl\u00f6sa<br \/><strong>Kommentar: <\/strong>Duon som tog guld med <a href=\"https:\/\/fotbolldirekt.se\/klubb\/djurgardens-if\/\" rel=\"nofollow noopener\" target=\"_blank\">Djurg\u00e5rden<\/a> s\u00e4songen 2019 har st\u00e5tt utan uppdrag i n\u00e4stan ett \u00e5r nu och det har under tiden ocks\u00e5 varit v\u00e4ldigt tyst kring dem. \u00c4ven om avslutet inte blev som de hade hoppats p\u00e5 i Djurg\u00e5rden s\u00e5 m\u00e5ste hela deras g\u00e4rning f\u00f6r klubben summeras som en succ\u00e9 och det \u00e4r l\u00e5ngt ifr\u00e5n ot\u00e4nkbart att de \u00e4r tillbaka i allsvenskan till n\u00e4sta s\u00e4song. <\/p>\n<p><img loading=\"lazy\" decoding=\"async\" width=\"1024\" height=\"576\" src=\"https:\/\/www.europesays.com\/se\/wp-content\/uploads\/2025\/09\/Kim-och-Tolle-1024x576.jpg\" alt=\"\" class=\"wp-image-323199\"  \/>Tidigare Dif-duon l\u00e4r onekligen finnas med p\u00e5 MFF:s lista. Foto: Bildbyr\u00e5n<\/p>\n<p>Rikard Norling<\/p>\n<p><strong>Nuvarande uppdrag:<\/strong> FC Stockholm<br \/><strong>Kommentar: <\/strong>Han har gjort succ\u00e9 i Malm\u00f6 FF f\u00f6rr och fr\u00e5gan \u00f6verlag kring Rikard Norling l\u00e4r vara n\u00e4r han ska \u00e5terv\u00e4nda till elitfotbollen. Hans FC Stockholm sl\u00e5ss f\u00f6r uppflyttning i ettan norra, men lyckas man inte l\u00f6sa det \u00e4r det nog inte ot\u00e4nkbart att han kan t\u00e4nka sig ett milj\u00f6ombyte. <\/p>\n<p>Jo\u00e3o Henriques<\/p>\n<p><strong>Nuvarande uppdrag:<\/strong> Radomiak<br \/><strong>Kommentar: <\/strong>Denne portugis har tidigare varit\u00a0aktuell f\u00f6r AIK och har just nu ett uppdrag i Polen d\u00e4r han med sm\u00e5 medel har gjort Radomiak klubb till ett mittenlag. Den polska klubben uppges emellertid brottas med stora ekonomiska problem.<\/p>\n<p>Joonas Rantanen<\/p>\n<p><strong>Nuvarande uppdrag:<\/strong> Ilves<br \/><strong>Kommentar: <\/strong>Kanske borde Malm\u00f6 FF t\u00e4nka som Djurg\u00e5rden med Jani Honkavaara och g\u00e5 f\u00f6r finl\u00e4ndskt. MFF har ju flera goda erfarenheter genom \u00e5ren med spelare fr\u00e5n Tipsligan. Rantanen \u00f6verraskar just nu stort med Ilves och \u00e4r bara 38 \u00e5r gammal. Det \u00e4r serieledning som g\u00e4ller och man h\u00e5ller p\u00e5 att kn\u00e4cka suver\u00e4nen HJK.<\/p>\n<p><img loading=\"lazy\" decoding=\"async\" width=\"1024\" height=\"576\" src=\"https:\/\/www.europesays.com\/se\/wp-content\/uploads\/2025\/09\/Joonas-Rantanen-1024x576.jpg\" alt=\"\" class=\"wp-image-323228\"  \/>Kommer Malm\u00f6 FF g\u00f6ra som Djurg\u00e5rden och g\u00e5 f\u00f6r ett finskt namn? Foto: Alamy<\/p>\n<p>Fredrik Holmberg<\/p>\n<p><strong>Nuvarande uppdrag:<\/strong> Gais <br \/><strong>Kommentar: <\/strong>Det h\u00e4r \u00e4r kanske Sveriges mest sp\u00e4nnande tr\u00e4narnamn. Och d\u00e5 borde han per logik vara aktuell n\u00e4r Sveriges ledande klubb jagar nytt. Fredrik Holmberg har det sv\u00e5ra andra allsvenska \u00e5ret lyft Gais ytterligare. Det senaste exemplet s\u00e5g vi i helgen d\u00e5 AIK klart \u00f6vergl\u00e4nstes p\u00e5 bortaplan. H\u00e4cken uppgavs redan i fjol ha \u00f6gonen p\u00e5 honom.<\/p>\n<p>Toni Koskela<\/p>\n<p><strong>Nuvarande uppdrag<\/strong>: Kalmar FF <br \/><strong>Kommentar<\/strong>: En kr\u00e4vande tr\u00e4nare som har imponerat i Kalmar FF. Toni Koskela var ju redan f\u00f6r n\u00e5gra \u00e5r sedan aktuell f\u00f6r Malm\u00f6 i samband med att Henrik Rydstr\u00f6m anst\u00e4lldes och enligt FD:s uppgifter hann till och med finl\u00e4ndaren med att tr\u00e4ffa sk\u00e5ningarna.<br \/>41- \u00e5ringen har i m\u00e5nga \u00e5r beskrivits som Finlands kanske mest sp\u00e4nnande tr\u00e4nare.<\/p>\n","protected":false},"excerpt":{"rendered":"Henrik Rydstr\u00f6m har sparkats och jakten p\u00e5 en ers\u00e4ttare har inletts.Fr\u00e5gan alla st\u00e4ller sig nu \u00e4r s\u00e5klart, vem&hellip;\n","protected":false},"author":2,"featured_media":43728,"comment_status":"","ping_status":"","sticky":false,"template":"","format":"standard","meta":{"footnotes":""},"categories":[68],"tags":[353,34,111,110,31,33,32,30],"class_list":{"0":"post-43727","1":"post","2":"type-post","3":"status-publish","4":"format-standard","5":"has-post-thumbnail","7":"category-sport","8":"tag-forsta-trean","9":"tag-se","10":"tag-sport","11":"tag-sports","12":"tag-svenska","13":"tag-sverige","14":"tag-sweden","15":"tag-swedish"},"share_on_mastodon":{"url":"","error":""},"_links":{"self":[{"href":"https:\/\/www.europesays.com\/se\/wp-json\/wp\/v2\/posts\/43727","targetHints":{"allow":["GET"]}}],"collection":[{"href":"https:\/\/www.europesays.com\/se\/wp-json\/wp\/v2\/posts"}],"about":[{"href":"https:\/\/www.europesays.com\/se\/wp-json\/wp\/v2\/types\/post"}],"author":[{"embeddable":true,"href":"https:\/\/www.europesays.com\/se\/wp-json\/wp\/v2\/users\/2"}],"replies":[{"embeddable":true,"href":"https:\/\/www.europesays.com\/se\/wp-json\/wp\/v2\/comments?post=43727"}],"version-history":[{"count":0,"href":"https:\/\/www.europesays.com\/se\/wp-json\/wp\/v2\/posts\/43727\/revisions"}],"wp:featuredmedia":[{"embeddable":true,"href":"https:\/\/www.europesays.com\/se\/wp-json\/wp\/v2\/media\/43728"}],"wp:attachment":[{"href":"https:\/\/www.europesays.com\/se\/wp-json\/wp\/v2\/media?parent=43727"}],"wp:term":[{"taxonomy":"category","embeddable":true,"href":"https:\/\/www.europesays.com\/se\/wp-json\/wp\/v2\/categories?post=43727"},{"taxonomy":"post_tag","embeddable":true,"href":"https:\/\/www.europesays.com\/se\/wp-json\/wp\/v2\/tags?post=43727"}],"curies":[{"name":"wp","href":"https:\/\/api.w.org\/{rel}","templated":true}]}}