{"id":43985,"date":"2025-10-01T03:14:06","date_gmt":"2025-10-01T03:14:06","guid":{"rendered":"https:\/\/www.europesays.com\/se\/43985\/"},"modified":"2025-10-01T03:14:06","modified_gmt":"2025-10-01T03:14:06","slug":"det-hojda-hogkostnadsskyddet-riskerar-att-kosta-liv-vasterbottens-kuriren","status":"publish","type":"post","link":"https:\/\/www.europesays.com\/se\/43985\/","title":{"rendered":"\u201dDet h\u00f6jda h\u00f6gkostnadsskyddet riskerar att kosta liv\u201d &#8211; V\u00e4sterbottens-Kuriren"},"content":{"rendered":"<ol>\n<li><a href=\"https:\/\/news.google.com\/rss\/articles\/CBMimAFBVV95cUxNc25QV2t1cTNDb244TmdNYTNYcTZST0xZT2lYdlNuSUNkMTZSby1UWlZ0c3hnYnI3dDYyTUhnc1M0LV8yNHY2WTlVUDdsTXN5TnpNQjdCREx0d3hfNmdSVUVTWllxeTBTMzFxd05RTi11R3o1cThTQ2xyRFhGQ0NESzI0NEQ5aWNVQXVZYnlsbS0zZkxqaUFpdg?oc=5\" target=\"_blank\" rel=\"nofollow noopener\">\u201dDet h\u00f6jda h\u00f6gkostnadsskyddet riskerar att kosta liv\u201d<\/a>&nbsp;&nbsp;V\u00e4sterbottens-Kuriren<\/li>\n<li><a href=\"https:\/\/news.google.com\/rss\/articles\/CBMikAFBVV95cUxQaEluMEVTQXRmMlREQlpmR3ZnWGd0dkJranpZX1dRSFZzR25YZDdidUlEazM1NnEwcHR6bDNlMUl6Smd6X19FeXdaUWg3a1k5MmhfOERfMXR1eDlybWllOTMyUUY4V29UR3ZXczM4eE9HOTMxdmpySG94d1hxekVqTEpCQW9NUHk5ZjhYWnA2S1M?oc=5\" target=\"_blank\" rel=\"nofollow noopener\">NY STUDIE: S\u00e5 m\u00e5nga \u00e4r i fara \u2013 efter hj\u00e4rtinfarkt<\/a>&nbsp;&nbsp;Aftonbladet<\/li>\n<li><a href=\"https:\/\/news.google.com\/rss\/articles\/CBMiqgFBVV95cUxNWlkyWFMzVmNIUjh0NFFmNFJQNW5xc1R3cGZfanoyUjlwNDE1WHNuUEpmNEFPUHo3alpVcVlJS2w4bDJTSGRkQW4wUF9oNXlOSGFTeDlCUHQ4S1ZTQVZUQmJqdnhRU2VKeklIU2ZwR3c3eHZrRzJxS0JrQS04S18tU0hZejQyT2RZUzg0anpkM0w1ejQyREx2d3YwS3BweW1SN08xbGMwMWt1Zw?oc=5\" target=\"_blank\" rel=\"nofollow noopener\">Fyra av tio avbryter sin medicinering efter hj\u00e4rtinfarkt<\/a>&nbsp;&nbsp;TV4 Nyheterna<\/li>\n<li><a href=\"https:\/\/news.google.com\/rss\/articles\/CBMijAJBVV95cUxQSDFOLU5HZlFxZzlBMnZKVHhMNXgwZUx0QTlVYUZESU9ZY0lkRGpWZkNhYkZLM21ubThpakhOX0hUWEpiODRET0RaS1M1QzFqRkd2QUVpVnpQMGdoWHBWV1JxU3M4N0J0REZoOW9kb25iVzdlYXI1ZGtUYVQzUnVnTmpvUUxYVC1VMzMxaDhZQzhjSGdoeS1iVXhjUWh1T0ktcnNwUWZ3U25hbTB1UkZLNk0tN09rM0ZVS3lRWC16TWtpMUI5a0lBMnhfSy1JZ0d5WWdPOU1NalgxWlRDZ29FUGI3ZzNQeEwyT254V3NxeXotYlFLcU9HdFFTZ2FkRThHcFg2Ty1mRENwTEdO?oc=5\" target=\"_blank\" rel=\"nofollow noopener\">World Heart Day: M\u00e5nga avbryter sin medicinering efter hj\u00e4rtinfarkt \u2013 kopplat till l\u00e5g inkomst och utlandsf\u00f6dd<\/a>&nbsp;&nbsp;Mynewsdesk<\/li>\n<li><a href=\"https:\/\/news.google.com\/rss\/articles\/CBMiwgFBVV95cUxQdFpYbEZnNjBfeFNkeWhvdmtubDFNbXFBUEZhYmNtb3RmWkgwMjFwQWdGVmhvLU44Q1dzalRWT0kwZEVhWlV2ZTFaMVk3eGJYVXZxOEUyZGI1TGYzQmE4OW1VQTRDQkVDWGJPUEFsQzA0Y2JQdmRNWFN5WnJuZk9RYjNTZ1JLSEt4QjZ0eTkzNnRzbUwwMHM4TU1CMU5pMURVaE5pa0tNZmFiSzJSQnN4aUJ6ZVlIMVVra2FvdDlIc19nZw?oc=5\" target=\"_blank\" rel=\"nofollow noopener\">SKPF Pension\u00e4rerna: Billigare oxfil\u00e9 men dyrare medicin<\/a>&nbsp;&nbsp;Via TT<\/li>\n<\/ol>\n","protected":false},"excerpt":{"rendered":"\u201dDet h\u00f6jda h\u00f6gkostnadsskyddet riskerar att kosta liv\u201d&nbsp;&nbsp;V\u00e4sterbottens-Kuriren NY STUDIE: S\u00e5 m\u00e5nga \u00e4r i fara \u2013 efter hj\u00e4rtinfarkt&nbsp;&nbsp;Aftonbladet Fyra&hellip;\n","protected":false},"author":2,"featured_media":43986,"comment_status":"","ping_status":"","sticky":false,"template":"","format":"standard","meta":{"footnotes":""},"categories":[69],"tags":[113,112,34,31,33,32,30],"class_list":{"0":"post-43985","1":"post","2":"type-post","3":"status-publish","4":"format-standard","5":"has-post-thumbnail","7":"category-halsa","8":"tag-halsa","9":"tag-health","10":"tag-se","11":"tag-svenska","12":"tag-sverige","13":"tag-sweden","14":"tag-swedish"},"share_on_mastodon":{"url":"","error":""},"_links":{"self":[{"href":"https:\/\/www.europesays.com\/se\/wp-json\/wp\/v2\/posts\/43985","targetHints":{"allow":["GET"]}}],"collection":[{"href":"https:\/\/www.europesays.com\/se\/wp-json\/wp\/v2\/posts"}],"about":[{"href":"https:\/\/www.europesays.com\/se\/wp-json\/wp\/v2\/types\/post"}],"author":[{"embeddable":true,"href":"https:\/\/www.europesays.com\/se\/wp-json\/wp\/v2\/users\/2"}],"replies":[{"embeddable":true,"href":"https:\/\/www.europesays.com\/se\/wp-json\/wp\/v2\/comments?post=43985"}],"version-history":[{"count":0,"href":"https:\/\/www.europesays.com\/se\/wp-json\/wp\/v2\/posts\/43985\/revisions"}],"wp:featuredmedia":[{"embeddable":true,"href":"https:\/\/www.europesays.com\/se\/wp-json\/wp\/v2\/media\/43986"}],"wp:attachment":[{"href":"https:\/\/www.europesays.com\/se\/wp-json\/wp\/v2\/media?parent=43985"}],"wp:term":[{"taxonomy":"category","embeddable":true,"href":"https:\/\/www.europesays.com\/se\/wp-json\/wp\/v2\/categories?post=43985"},{"taxonomy":"post_tag","embeddable":true,"href":"https:\/\/www.europesays.com\/se\/wp-json\/wp\/v2\/tags?post=43985"}],"curies":[{"name":"wp","href":"https:\/\/api.w.org\/{rel}","templated":true}]}}