{"id":44315,"date":"2025-10-01T09:35:07","date_gmt":"2025-10-01T09:35:07","guid":{"rendered":"https:\/\/www.europesays.com\/se\/44315\/"},"modified":"2025-10-01T09:35:07","modified_gmt":"2025-10-01T09:35:07","slug":"snapchat-tar-betalt-for-memories-da-borjar-det-kosta","status":"publish","type":"post","link":"https:\/\/www.europesays.com\/se\/44315\/","title":{"rendered":"Snapchat tar betalt f\u00f6r \u201dMemories\u201d \u2013 d\u00e5 b\u00f6rjar det kosta"},"content":{"rendered":"<p>Publicerad 1 okt 2025 kl 11.26<\/p>\n<p>Snart kommer dina Snapchat-bilder raderas \u2013 om du inte b\u00f6rjar betala.\u00a0<\/p>\n<p>Appen inf\u00f6r nu en lagringsgr\u00e4ns och de minnen du trodde skulle finnas kvar f\u00f6r alltid riskerar att f\u00f6rsvinna.<\/p>\n<p><img   alt=\"\"\/><\/p>\n<p>Snapchat b\u00f6rjar ta betalt f\u00f6r att spara bilder \u00f6ver 5GB.<\/p>\n<p>Foto: LISE \u00c5SERUD \/ NTB TT NYHETSBYR\u00c5N<\/p>\n<p>\u00d6ppna bild i helsk\u00e4rmArtikeln i korthet<\/p>\n<p> Snapchat b\u00f6rjar ta betalt f\u00f6r lagrade bilder i \u201dMemories\u201d.<\/p>\n<p> Anv\u00e4ndare f\u00e5r ett \u00e5r p\u00e5 sig att k\u00f6pa mer utrymme om de \u00f6verskrider 5 GB.<\/p>\n<p> Tre abonnemang f\u00f6r olika pris erbjuds.<\/p>\n<p> Oro och protester v\u00e4xer bland anv\u00e4ndarna.<\/p>\n<p>Visa mer<\/p>\n<p>M\u00e5nga anv\u00e4nder <a href=\"https:\/\/www.expressen.se\/tagg\/organization\/snapchat\/\" class=\"\" rel=\"nofollow noopener\" target=\"_blank\">Snapchat<\/a> av tv\u00e5 anledningar: F\u00f6r att skriva med v\u00e4nner och f\u00f6r att ta bilder och filmer som sedan sparas i n\u00e5got som liknar ett digitalt fotoalbum, \u201dMemories\u201d. Men att f\u00e5 upp nostalgiska minnesbilder och se vad som h\u00e4nde \u201d1 oktober f\u00f6r 5 \u00e5r sedan\u201d kan bli ett minne blott.<\/p>\n<p>Nu b\u00f6rjar n\u00e4mligen Snapchat ta betalt f\u00f6r att spara bilder i appen.<\/p>\n<p>\u201dJag har hela mitt liv d\u00e4r, om det \u00e4r n\u00e5n g\u00e5ng vi ska protestera \u00e4r det nu\u201d, skriver en anv\u00e4ndare i sociala medier.<\/p>\n<p>D\u00e5 b\u00f6rjar det g\u00e4lla<\/p>\n<p>\u201dN\u00e4r kommer bilderna f\u00f6rsvinna?\u201d \u00e4r fr\u00e5gan m\u00e5nga trogna Snapchat-anv\u00e4ndare st\u00e4ller sig. Men det finns inte n\u00e5gon anledning att gripas av panik \u2013 \u00e4n. Enligt Snapchat kommer de som \u00f6verskrider 5 GB ha 12 m\u00e5nader p\u00e5 sig att k\u00f6pa mer utrymme.<\/p>\n<p>Om du inte g\u00f6r det kommer de \u00e4ldsta bilderna sparas, medan de som \u00f6verstiger gratisgr\u00e4nsen f\u00f6rsvinner, enligt Snapchat sj\u00e4lva. Sedan tidigare har f\u00f6retaget skrivit att f\u00f6rlorade minnen\u00a0inte kan \u00e5terst\u00e4llas.<\/p>\n<p>S\u00e5 mycket kommer det kosta<\/p>\n<p>Anv\u00e4ndare som vill uppdatera sitt lagringsutrymme kommer kunna v\u00e4lja p\u00e5 tre olika abonnemang, som kostar olika mycket.<\/p>\n<p>Den billigaste ger 100 GB utrymme och kommer att kosta 1,99 dollar, motsvarande ungef\u00e4r 17 kronor. Med Snapchat plus, som finns i dag och kostar 3,99 dollar (38 kronor), f\u00e5r du 250 GB. Den dyraste varianten, som ocks\u00e5 finns sedan tidigare och bland annat ger en reklamfri app, kommer till\u00e5ta anv\u00e4ndare att spara 5 TB.<\/p>\n<p>\u201dOm du avslutar din plan men du fortfarande \u00e4r \u00f6ver de f\u00f6rsta 5 GB lediga lagringsutrymme har du 48 timmar att prenumerera igen innan Memories \u00f6ver gr\u00e4nsen raderas\u201d, skriver Snapchat p\u00e5 sin support-sida.<\/p>\n<p>\u201dDet \u00e4r aldrig enkelt att g\u00e5 fr\u00e5n att f\u00e5 en tj\u00e4nst gratis till att b\u00f6rja betala f\u00f6r den, men vi hoppas att v\u00e4rdet vi erbjuder med Memories \u00e4r v\u00e4rt kostnaden\u201d, skriver Snapchat i ett pressmeddelande.<\/p>\n","protected":false},"excerpt":{"rendered":"Publicerad 1 okt 2025 kl 11.26 Snart kommer dina Snapchat-bilder raderas \u2013 om du inte b\u00f6rjar betala.\u00a0 Appen&hellip;\n","protected":false},"author":2,"featured_media":44316,"comment_status":"","ping_status":"","sticky":false,"template":"","format":"standard","meta":{"footnotes":""},"categories":[66],"tags":[4496,80,78,79,34,154,31,33,32,30,81,84,966,83,82],"class_list":{"0":"post-44315","1":"post","2":"type-post","3":"status-publish","4":"format-standard","5":"has-post-thumbnail","7":"category-vetenskap-och-teknik","8":"tag-organization-snapchat","9":"tag-science","10":"tag-science-and-technology","11":"tag-scienceandtechnology","12":"tag-se","13":"tag-sections-sverige","14":"tag-svenska","15":"tag-sverige","16":"tag-sweden","17":"tag-swedish","18":"tag-technology","19":"tag-teknik","20":"tag-topic-sociala-medier","21":"tag-vetenskap","22":"tag-vetenskapteknik"},"share_on_mastodon":{"url":"","error":""},"_links":{"self":[{"href":"https:\/\/www.europesays.com\/se\/wp-json\/wp\/v2\/posts\/44315","targetHints":{"allow":["GET"]}}],"collection":[{"href":"https:\/\/www.europesays.com\/se\/wp-json\/wp\/v2\/posts"}],"about":[{"href":"https:\/\/www.europesays.com\/se\/wp-json\/wp\/v2\/types\/post"}],"author":[{"embeddable":true,"href":"https:\/\/www.europesays.com\/se\/wp-json\/wp\/v2\/users\/2"}],"replies":[{"embeddable":true,"href":"https:\/\/www.europesays.com\/se\/wp-json\/wp\/v2\/comments?post=44315"}],"version-history":[{"count":0,"href":"https:\/\/www.europesays.com\/se\/wp-json\/wp\/v2\/posts\/44315\/revisions"}],"wp:featuredmedia":[{"embeddable":true,"href":"https:\/\/www.europesays.com\/se\/wp-json\/wp\/v2\/media\/44316"}],"wp:attachment":[{"href":"https:\/\/www.europesays.com\/se\/wp-json\/wp\/v2\/media?parent=44315"}],"wp:term":[{"taxonomy":"category","embeddable":true,"href":"https:\/\/www.europesays.com\/se\/wp-json\/wp\/v2\/categories?post=44315"},{"taxonomy":"post_tag","embeddable":true,"href":"https:\/\/www.europesays.com\/se\/wp-json\/wp\/v2\/tags?post=44315"}],"curies":[{"name":"wp","href":"https:\/\/api.w.org\/{rel}","templated":true}]}}