{"id":44427,"date":"2025-10-01T11:36:20","date_gmt":"2025-10-01T11:36:20","guid":{"rendered":"https:\/\/www.europesays.com\/se\/44427\/"},"modified":"2025-10-01T11:36:20","modified_gmt":"2025-10-01T11:36:20","slug":"trasmattan-blir-konst-pa-sven-harrys-1-oktober-2025-p1-kultur-reportage","status":"publish","type":"post","link":"https:\/\/www.europesays.com\/se\/44427\/","title":{"rendered":"Trasmattan blir konst p\u00e5 Sven-Harrys 1 oktober 2025 &#8211; P1 Kultur Reportage"},"content":{"rendered":"<p>P\u00e5 utst\u00e4llningen \u201dLivet och trasornas v\u00e4v\u201d p\u00e5 Sven-Harrys Konstmuseum i Stockholm medverkar totalt 33 stycken textilkonstn\u00e4rer, de flesta just nu aktiva, men h\u00e4r finns ocks\u00e5 flera stora namn fr\u00e5n textilhistorien, som M\u00e4rta M\u00e5\u00e5s-Fjetterstr\u00f6m, Viola Gr\u00e5sten och Karin Larsson.<\/p>\n<p>I reportaget medverkar Clara Olsson, textilelev p\u00e5 Capellag\u00e5rden, Linda Zetterman, kurator f\u00f6r utst\u00e4llningen och utbildningsledare p\u00e5 Capellag\u00e5rden, Sarai Alvarez Riveros, textilkonstn\u00e4r och elev p\u00e5 Handarbetets V\u00e4nner, Anneli Tegelberg, textilkonstn\u00e4r och Gustav Helsing, textilkonstn\u00e4r. \u00c4ven Dragana Kusoffsky Maksimovic \u00e4r kurator f\u00f6r utst\u00e4llningen och museichef. <br \/>Reporter: Nina Asarnoj<\/p>\n<p>Utst\u00e4llningen \u201dLivet och trasornas v\u00e4v\u201d p\u00e5 Sven-Harrys Konstmuseum p\u00e5g\u00e5r 26\/9-15\/3-2026.<\/p>\n","protected":false},"excerpt":{"rendered":"P\u00e5 utst\u00e4llningen \u201dLivet och trasornas v\u00e4v\u201d p\u00e5 Sven-Harrys Konstmuseum i Stockholm medverkar totalt 33 stycken textilkonstn\u00e4rer, de flesta&hellip;\n","protected":false},"author":2,"featured_media":44428,"comment_status":"","ping_status":"","sticky":false,"template":"","format":"standard","meta":{"footnotes":""},"categories":[67],"tags":[900,104,903,902,2405,194,2410,898,2403,2404,2402,2406,1082,2407,787,2408,2409,171,34,31,33,32,30,105],"class_list":{"0":"post-44427","1":"post","2":"type-post","3":"status-publish","4":"format-standard","5":"has-post-thumbnail","7":"category-underhallning","8":"tag-bcker","9":"tag-entertainment","10":"tag-film","11":"tag-konst","12":"tag-kritik","13":"tag-kultur","14":"tag-kulturdokumentr","15":"tag-kulturnyheter","16":"tag-kulturprogram","17":"tag-kulturradio","18":"tag-kulturradion","19":"tag-kulturreportage","20":"tag-litteratur","21":"tag-lyrik","22":"tag-lyssna","23":"tag-poesi","24":"tag-populrkultur","25":"tag-radio","26":"tag-se","27":"tag-svenska","28":"tag-sverige","29":"tag-sweden","30":"tag-swedish","31":"tag-underhallning"},"share_on_mastodon":{"url":"","error":""},"_links":{"self":[{"href":"https:\/\/www.europesays.com\/se\/wp-json\/wp\/v2\/posts\/44427","targetHints":{"allow":["GET"]}}],"collection":[{"href":"https:\/\/www.europesays.com\/se\/wp-json\/wp\/v2\/posts"}],"about":[{"href":"https:\/\/www.europesays.com\/se\/wp-json\/wp\/v2\/types\/post"}],"author":[{"embeddable":true,"href":"https:\/\/www.europesays.com\/se\/wp-json\/wp\/v2\/users\/2"}],"replies":[{"embeddable":true,"href":"https:\/\/www.europesays.com\/se\/wp-json\/wp\/v2\/comments?post=44427"}],"version-history":[{"count":0,"href":"https:\/\/www.europesays.com\/se\/wp-json\/wp\/v2\/posts\/44427\/revisions"}],"wp:featuredmedia":[{"embeddable":true,"href":"https:\/\/www.europesays.com\/se\/wp-json\/wp\/v2\/media\/44428"}],"wp:attachment":[{"href":"https:\/\/www.europesays.com\/se\/wp-json\/wp\/v2\/media?parent=44427"}],"wp:term":[{"taxonomy":"category","embeddable":true,"href":"https:\/\/www.europesays.com\/se\/wp-json\/wp\/v2\/categories?post=44427"},{"taxonomy":"post_tag","embeddable":true,"href":"https:\/\/www.europesays.com\/se\/wp-json\/wp\/v2\/tags?post=44427"}],"curies":[{"name":"wp","href":"https:\/\/api.w.org\/{rel}","templated":true}]}}