{"id":44431,"date":"2025-10-01T11:38:11","date_gmt":"2025-10-01T11:38:11","guid":{"rendered":"https:\/\/www.europesays.com\/se\/44431\/"},"modified":"2025-10-01T11:38:11","modified_gmt":"2025-10-01T11:38:11","slug":"kyligare-oktober-och-kvartspriser-kan-paverka-elpriset","status":"publish","type":"post","link":"https:\/\/www.europesays.com\/se\/44431\/","title":{"rendered":"Kyligare oktober och kvartspriser kan p\u00e5verka elpriset"},"content":{"rendered":"<p>&#13;<br \/>\n                        Kyligare temperaturer i oktober och att timavl\u00e4sning ers\u00e4tts med 15-minutersavl\u00e4sning p\u00e5verkar priset. <\/p>\n<p>&#8221;Elpriserna \u00e4r fortsatt sv\u00e4ngiga och vi ser stora skillnader beroende av var du bor. V\u00e4dret forts\u00e4tter att vara den faktor som p\u00e5verkar mest s\u00e5 f\u00f6r den som har intresse och m\u00f6jlighet s\u00e5 ers\u00e4tts timavl\u00e4sning med kvartspriser i dag. Det inneb\u00e4r att du som har kvartsprisavtal kan styra din elanv\u00e4ndning till fyra perioder under en timme. Kanske ladda elbilen med en smartapp eller flytta diskning och tv\u00e4ttning till tider med ett l\u00e4gre elpris&#8221;, s\u00e4ger Jonas Stenbeck, privatkundschef Vattenfall F\u00f6rs\u00e4ljning.<\/p>\n<p>Tanken med f\u00f6r\u00e4ndringen \u00e4r att j\u00e4mna ut skillnader mellan tillg\u00e5ng och efterfr\u00e5gan, vilket g\u00f6r att elsystemet fungerar p\u00e5 ett b\u00e4ttre s\u00e4tt. <\/p>\n<p>&#8221;M\u00e4ngden vatten som finns tillg\u00e4ngligt f\u00f6r vattenkraftproduktion \u00e4r relativt l\u00e5g i s\u00f6dra Norge. Detta samt att vindkraftsproduktion varit l\u00e4gre har haft en st\u00f6rre p\u00e5verkan framf\u00f6rallt p\u00e5 elpriserna i s\u00f6dra Sverige. I norra Sverige \u00e4r vattenmagasinen mer fyllda, vilket h\u00e5ller priserna nere d\u00e4r. K\u00e4rnkraften i Norden g\u00e5r just nu p\u00e5 70 procent av installerad effekt men f\u00f6rv\u00e4ntas \u00f6ka under oktober med cirka 20 procent d\u00e5 Oskarshamn 3 och Loviisa1 planeras att \u00e5terstartas&#8221;, skriver Vattenfall. <\/p>\n<p>\u00c4ven det os\u00e4kra l\u00e4get med handelstullar kan p\u00e5verka de svenska priserna uppger det statliga bolaget.&#13;\n                    <\/p>\n","protected":false},"excerpt":{"rendered":"&#13; Kyligare temperaturer i oktober och att timavl\u00e4sning ers\u00e4tts med 15-minutersavl\u00e4sning p\u00e5verkar priset. &#8221;Elpriserna \u00e4r fortsatt sv\u00e4ngiga och&hellip;\n","protected":false},"author":2,"featured_media":41581,"comment_status":"","ping_status":"","sticky":false,"template":"","format":"standard","meta":{"footnotes":""},"categories":[65],"tags":[72,70,71,454,453,451,452,34,31,33,32,30,455],"class_list":{"0":"post-44431","1":"post","2":"type-post","3":"status-publish","4":"format-standard","5":"has-post-thumbnail","7":"category-ekonomi","8":"tag-business","9":"tag-economy","10":"tag-ekonomi","11":"tag-ekonomisk-analys","12":"tag-finans","13":"tag-finansiella-nyheter","14":"tag-investera","15":"tag-se","16":"tag-svenska","17":"tag-sverige","18":"tag-sweden","19":"tag-swedish","20":"tag-trading"},"share_on_mastodon":{"url":"","error":""},"_links":{"self":[{"href":"https:\/\/www.europesays.com\/se\/wp-json\/wp\/v2\/posts\/44431","targetHints":{"allow":["GET"]}}],"collection":[{"href":"https:\/\/www.europesays.com\/se\/wp-json\/wp\/v2\/posts"}],"about":[{"href":"https:\/\/www.europesays.com\/se\/wp-json\/wp\/v2\/types\/post"}],"author":[{"embeddable":true,"href":"https:\/\/www.europesays.com\/se\/wp-json\/wp\/v2\/users\/2"}],"replies":[{"embeddable":true,"href":"https:\/\/www.europesays.com\/se\/wp-json\/wp\/v2\/comments?post=44431"}],"version-history":[{"count":0,"href":"https:\/\/www.europesays.com\/se\/wp-json\/wp\/v2\/posts\/44431\/revisions"}],"wp:featuredmedia":[{"embeddable":true,"href":"https:\/\/www.europesays.com\/se\/wp-json\/wp\/v2\/media\/41581"}],"wp:attachment":[{"href":"https:\/\/www.europesays.com\/se\/wp-json\/wp\/v2\/media?parent=44431"}],"wp:term":[{"taxonomy":"category","embeddable":true,"href":"https:\/\/www.europesays.com\/se\/wp-json\/wp\/v2\/categories?post=44431"},{"taxonomy":"post_tag","embeddable":true,"href":"https:\/\/www.europesays.com\/se\/wp-json\/wp\/v2\/tags?post=44431"}],"curies":[{"name":"wp","href":"https:\/\/api.w.org\/{rel}","templated":true}]}}