{"id":44469,"date":"2025-10-01T12:25:08","date_gmt":"2025-10-01T12:25:08","guid":{"rendered":"https:\/\/www.europesays.com\/se\/44469\/"},"modified":"2025-10-01T12:25:08","modified_gmt":"2025-10-01T12:25:08","slug":"e-types-blunder-kopte-medeltidsby-av-misstag","status":"publish","type":"post","link":"https:\/\/www.europesays.com\/se\/44469\/","title":{"rendered":"E-types blunder: K\u00f6pte medeltidsby av misstag"},"content":{"rendered":"<p>Publicerad 1 okt 2025 kl 14.10<\/p>\n<p>Martin \u201dE-Type\u201d Eriksson trodde inte auktionen funkade.<\/p>\n<p>Pl\u00f6tsligt hade han k\u00f6pt en medeltidsby.<\/p>\n<p>\u2013 Kanske inte mitt absolut skarpaste moment i livet, s\u00e4ger han i \u201dMedeltidens v\u00e4rld \u2013 Arn-fiaskot i G\u00f6tene\u201d i TV4.<\/p>\n<p><img loading=\"lazy\"   alt=\"\"\/><\/p>\n<p>Martin Eriksson.<\/p>\n<p>Foto: EMIL NORDIN<\/p>\n<p>\u00d6ppna bild i helsk\u00e4rm<img loading=\"lazy\"   alt=\"\"\/><\/p>\n<p>\u201dArn \u2013 tempelriddaren\u201d.<\/p>\n<p>Foto: SF<\/p>\n<p>\u00d6ppna bild i helsk\u00e4rm<img loading=\"lazy\"   alt=\"\"\/><\/p>\n<p>Bild fr\u00e5n fiaskoparken Medeltidens v\u00e4rld i G\u00f6tene.<\/p>\n<p>Foto: SVT<\/p>\n<p>\u00d6ppna bild i helsk\u00e4rm<img loading=\"lazy\"   alt=\"\"\/><\/p>\n<p>E-type utanf\u00f6r sin krog i Gamla stan.<\/p>\n<p>Foto: Hans Shimoda\/TT \/ TT NYHETSBYR\u00c5N<\/p>\n<p>\u00d6ppna bild i helsk\u00e4rm<img loading=\"lazy\"   alt=\"\"\/><\/p>\n<p>E-type ber\u00e4ttar om ett \u00f6gonblick han kommer ih\u00e5g v\u00e4l.<\/p>\n<p>Foto: Eero Hannukainen\/TT \/ TT NYHETSBYR\u00c5N<\/p>\n<p>\u00d6ppna bild i helsk\u00e4rm<\/p>\n<p>Efter produktionen av storfilmen \u201dArn \u2013 tempelriddaren\u201d k\u00f6pte <a href=\"https:\/\/www.expressen.se\/tagg\/location\/gotene-kommun\/\" class=\"\" rel=\"nofollow noopener\" target=\"_blank\">G\u00f6tene kommun<\/a> medeltidshusen f\u00f6r sitt n\u00f6jesf\u00e4lt Medeltidens v\u00e4rld.<\/p>\n<p>Men parken blev ett fiasko som kostade skattebetalarna tiotals miljoner kronor och G\u00f6tene best\u00e4mde sig f\u00f6r att auktionera ut husen.<\/p>\n<p>Det var d\u00e5 E-type kom in i bilden.<\/p>\n<p>2013 satte han sig vid tangentbordet.<\/p>\n<p>\u2013 Jag har aldrig varit p\u00e5 en n\u00e4tauktion f\u00f6rut s\u00e5 det dyker upp ett hus och n\u00e4r jag tryckte p\u00e5 knappen f\u00f6rsvann huset. Jag t\u00e4nkte vad fan, s\u00e4ger han i <a href=\"https:\/\/www.tiktok.com\/@tv4_nyheterna\/video\/7555551304857160982?_r=1&amp;_t=ZN-909XH138UbO\" rel=\"nofollow noopener\" target=\"_blank\">TV4-programmet<\/a>.<\/p>\n<p>N\u00e4r auktionen tog slut var Martin Eriksson missn\u00f6jd \u00f6ver att inte ha lyckats k\u00f6pa n\u00e5got av husen.<\/p>\n<p>\u2013 Sen fick jag n\u00e5got gratulationsmejl, s\u00e4ger han.<\/p>\n<p>Prislappen f\u00f6r medeltidsbyn<\/p>\n<p>Det visade sig att husen inte \u201df\u00f6rsvunnit\u201d \u2013 utan att han k\u00f6pt dem. Tolv stycken.<\/p>\n<p>Prislappen: 371 000 kronor.<\/p>\n<p>\u2013 Det \u00e4r s\u00e5 korkat att det \u00e4r roligt, s\u00e4ger han nu, tolv \u00e5r senare.<\/p>\n<p>Det slutade med att han s\u00e5lde husen igen.<\/p>\n<p>Men en del saker som fanns i dem blev kvar.<\/p>\n<p>\u2013 Jag har sju eller \u00e5tta f\u00f6rr\u00e5d med grejer ocks\u00e5. Om jag inte g\u00f6r n\u00e5gon medeltida krog av det funderar jag p\u00e5 att g\u00f6ra en Arn-utst\u00e4llning \u2013 kanske p\u00e5 Varnhems klosterkyrka, s\u00e4ger han i dokument\u00e4ren.\u00a0<\/p>\n<p><script async src=\"\/\/www.tiktok.com\/embed.js\"><\/script><\/p>\n","protected":false},"excerpt":{"rendered":"Publicerad 1 okt 2025 kl 14.10 Martin \u201dE-Type\u201d Eriksson trodde inte auktionen funkade. Pl\u00f6tsligt hade han k\u00f6pt en&hellip;\n","protected":false},"author":2,"featured_media":44470,"comment_status":"","ping_status":"","sticky":false,"template":"","format":"standard","meta":{"footnotes":""},"categories":[67],"tags":[104,4546,384,34,31,33,32,30,310,105],"class_list":{"0":"post-44469","1":"post","2":"type-post","3":"status-publish","4":"format-standard","5":"has-post-thumbnail","7":"category-underhallning","8":"tag-entertainment","9":"tag-location-gotene-kommun","10":"tag-organization-tv4","11":"tag-se","12":"tag-svenska","13":"tag-sverige","14":"tag-sweden","15":"tag-swedish","16":"tag-topic-kandisar","17":"tag-underhallning"},"share_on_mastodon":{"url":"","error":""},"_links":{"self":[{"href":"https:\/\/www.europesays.com\/se\/wp-json\/wp\/v2\/posts\/44469","targetHints":{"allow":["GET"]}}],"collection":[{"href":"https:\/\/www.europesays.com\/se\/wp-json\/wp\/v2\/posts"}],"about":[{"href":"https:\/\/www.europesays.com\/se\/wp-json\/wp\/v2\/types\/post"}],"author":[{"embeddable":true,"href":"https:\/\/www.europesays.com\/se\/wp-json\/wp\/v2\/users\/2"}],"replies":[{"embeddable":true,"href":"https:\/\/www.europesays.com\/se\/wp-json\/wp\/v2\/comments?post=44469"}],"version-history":[{"count":0,"href":"https:\/\/www.europesays.com\/se\/wp-json\/wp\/v2\/posts\/44469\/revisions"}],"wp:featuredmedia":[{"embeddable":true,"href":"https:\/\/www.europesays.com\/se\/wp-json\/wp\/v2\/media\/44470"}],"wp:attachment":[{"href":"https:\/\/www.europesays.com\/se\/wp-json\/wp\/v2\/media?parent=44469"}],"wp:term":[{"taxonomy":"category","embeddable":true,"href":"https:\/\/www.europesays.com\/se\/wp-json\/wp\/v2\/categories?post=44469"},{"taxonomy":"post_tag","embeddable":true,"href":"https:\/\/www.europesays.com\/se\/wp-json\/wp\/v2\/tags?post=44469"}],"curies":[{"name":"wp","href":"https:\/\/api.w.org\/{rel}","templated":true}]}}