{"id":44621,"date":"2025-10-01T15:49:08","date_gmt":"2025-10-01T15:49:08","guid":{"rendered":"https:\/\/www.europesays.com\/se\/44621\/"},"modified":"2025-10-01T15:49:08","modified_gmt":"2025-10-01T15:49:08","slug":"wiktor-nilsson-om-samtalet-med-robert-ohlsson-och-nya-avtalet-med-leksand-shl","status":"publish","type":"post","link":"https:\/\/www.europesays.com\/se\/44621\/","title":{"rendered":"Wiktor Nilsson om samtalet med Robert Ohlsson och nya avtalet med Leksand | SHL"},"content":{"rendered":"<p>Publicerad 1 okt 2025 kl 13.44<\/p>\n<p>PremiumTill slut blev situationen i Fr\u00f6lunda oh\u00e5llbar f\u00f6r Wiktor Nilsson, 23.<\/p>\n<p>Nu ber\u00e4ttar han om skilsm\u00e4ssan med klubben och varf\u00f6r valet till f\u00f6ll p\u00e5 Leksands IF.<\/p>\n<p>\u2013 Det bidrog till beslutet, s\u00e4ger han.<\/p>\n<p><img   alt=\"\"\/><\/p>\n<p>Wiktor Nilsson l\u00e4mnar Fr\u00f6lunda f\u00f6r Leksand.<\/p>\n<p>Foto: MICHAEL ERICHSEN \/ BILDBYR\u00c5N<\/p>\n<p>\u00d6ppna bild i helsk\u00e4rm<img loading=\"lazy\"   alt=\"\"\/><\/p>\n<p>Leksands tr\u00e4nare Johan Hedberg.<\/p>\n<p>Foto: PETTER ARVIDSON \/ BILDBYR\u00c5N<\/p>\n<p>\u00d6ppna bild i helsk\u00e4rm<img loading=\"lazy\"   alt=\"\"\/>\u00d6ppna bild i helsk\u00e4rm<\/p>\n","protected":false},"excerpt":{"rendered":"Publicerad 1 okt 2025 kl 13.44 PremiumTill slut blev situationen i Fr\u00f6lunda oh\u00e5llbar f\u00f6r Wiktor Nilsson, 23. Nu&hellip;\n","protected":false},"author":2,"featured_media":44622,"comment_status":"","ping_status":"","sticky":false,"template":"","format":"standard","meta":{"footnotes":""},"categories":[68],"tags":[2174,1014,1179,103,34,255,823,111,110,31,33,32,30],"class_list":{"0":"post-44621","1":"post","2":"type-post","3":"status-publish","4":"format-standard","5":"has-post-thumbnail","7":"category-sport","8":"tag-organization-frolunda-hc","9":"tag-organization-leksands-if","10":"tag-organization-shl","11":"tag-premium","12":"tag-se","13":"tag-sections-ishockey","14":"tag-sections-shl","15":"tag-sport","16":"tag-sports","17":"tag-svenska","18":"tag-sverige","19":"tag-sweden","20":"tag-swedish"},"share_on_mastodon":{"url":"","error":""},"_links":{"self":[{"href":"https:\/\/www.europesays.com\/se\/wp-json\/wp\/v2\/posts\/44621","targetHints":{"allow":["GET"]}}],"collection":[{"href":"https:\/\/www.europesays.com\/se\/wp-json\/wp\/v2\/posts"}],"about":[{"href":"https:\/\/www.europesays.com\/se\/wp-json\/wp\/v2\/types\/post"}],"author":[{"embeddable":true,"href":"https:\/\/www.europesays.com\/se\/wp-json\/wp\/v2\/users\/2"}],"replies":[{"embeddable":true,"href":"https:\/\/www.europesays.com\/se\/wp-json\/wp\/v2\/comments?post=44621"}],"version-history":[{"count":0,"href":"https:\/\/www.europesays.com\/se\/wp-json\/wp\/v2\/posts\/44621\/revisions"}],"wp:featuredmedia":[{"embeddable":true,"href":"https:\/\/www.europesays.com\/se\/wp-json\/wp\/v2\/media\/44622"}],"wp:attachment":[{"href":"https:\/\/www.europesays.com\/se\/wp-json\/wp\/v2\/media?parent=44621"}],"wp:term":[{"taxonomy":"category","embeddable":true,"href":"https:\/\/www.europesays.com\/se\/wp-json\/wp\/v2\/categories?post=44621"},{"taxonomy":"post_tag","embeddable":true,"href":"https:\/\/www.europesays.com\/se\/wp-json\/wp\/v2\/tags?post=44621"}],"curies":[{"name":"wp","href":"https:\/\/api.w.org\/{rel}","templated":true}]}}