{"id":45048,"date":"2025-10-02T07:02:29","date_gmt":"2025-10-02T07:02:29","guid":{"rendered":"https:\/\/www.europesays.com\/se\/45048\/"},"modified":"2025-10-02T07:02:29","modified_gmt":"2025-10-02T07:02:29","slug":"tv4-sander-inte-berget-efter-dodsolyckan","status":"publish","type":"post","link":"https:\/\/www.europesays.com\/se\/45048\/","title":{"rendered":"TV4 s\u00e4nder inte \u201dBerget\u201d efter d\u00f6dsolyckan"},"content":{"rendered":"<p>TV4 kommer inte att s\u00e4nda realityserien \u201dBerget\u201d, sedan en deltagare dog under inspelningen 2024. <\/p>\n<p>De t\u00e4vlande skulle bestiga ett berg och en man i 50-\u00e5rs\u00e5ldern dog av ett sjukdomsfall. Inspelningen pausades och \u00e5terupptogs aldrig. Nu meddelar kanalen att serien inte kommer att n\u00e5 rutan. <\/p>\n<p>\u2013 Det som h\u00e4nde har pr\u00e4glat alla som varit involverade i det p\u00e5 m\u00e5nga s\u00e4tt och vis och inte minst den familj som det drabbade mest. S\u00e5 vi har sv\u00e5rt att hitta n\u00e5got slags positiv energi kring \u201dBerget\u201d. \u00c4n s\u00e5 l\u00e4nge i alla fall, s\u00e4ger kanal- och inneh\u00e5llsredakt\u00f6r Fredrik Arefalk till TT. <\/p>\n<p>Omni \u00e4r politiskt obundna och oberoende. Vi str\u00e4var efter att ge fler perspektiv p\u00e5 nyheterna. Har du fr\u00e5gor eller synpunkter kring v\u00e5r rapportering? <a href=\"https:\/\/omni.se\/tv4-sander-inte-berget-efter-dodsolyckan\/a\/mailto:redaktion@omni.se\" class=\"ArticleActions_contactLink__W2F1M\" rel=\"nofollow noopener\" target=\"_blank\">Kontakta redaktionen<\/a><\/p>\n","protected":false},"excerpt":{"rendered":"TV4 kommer inte att s\u00e4nda realityserien \u201dBerget\u201d, sedan en deltagare dog under inspelningen 2024. De t\u00e4vlande skulle bestiga&hellip;\n","protected":false},"author":2,"featured_media":45049,"comment_status":"","ping_status":"","sticky":false,"template":"","format":"standard","meta":{"footnotes":""},"categories":[5],"tags":[22,23,26,27,168,17,21,24,25,28,29,15,16,18,34,31,33,32,30,19,20,4189],"class_list":{"0":"post-45048","1":"post","2":"type-post","3":"status-publish","4":"format-standard","5":"has-post-thumbnail","7":"category-rubriker","8":"tag-breaking-news","9":"tag-breakingnews","10":"tag-featured-news","11":"tag-featurednews","12":"tag-film-tv","13":"tag-headlines","14":"tag-huvudnyheter","15":"tag-latest-news","16":"tag-latestnews","17":"tag-main-news","18":"tag-mainnews","19":"tag-news","20":"tag-nyheter","21":"tag-rubriker","22":"tag-se","23":"tag-svenska","24":"tag-sverige","25":"tag-sweden","26":"tag-swedish","27":"tag-top-stories","28":"tag-topstories","29":"tag-tv4"},"share_on_mastodon":{"url":"","error":""},"_links":{"self":[{"href":"https:\/\/www.europesays.com\/se\/wp-json\/wp\/v2\/posts\/45048","targetHints":{"allow":["GET"]}}],"collection":[{"href":"https:\/\/www.europesays.com\/se\/wp-json\/wp\/v2\/posts"}],"about":[{"href":"https:\/\/www.europesays.com\/se\/wp-json\/wp\/v2\/types\/post"}],"author":[{"embeddable":true,"href":"https:\/\/www.europesays.com\/se\/wp-json\/wp\/v2\/users\/2"}],"replies":[{"embeddable":true,"href":"https:\/\/www.europesays.com\/se\/wp-json\/wp\/v2\/comments?post=45048"}],"version-history":[{"count":0,"href":"https:\/\/www.europesays.com\/se\/wp-json\/wp\/v2\/posts\/45048\/revisions"}],"wp:featuredmedia":[{"embeddable":true,"href":"https:\/\/www.europesays.com\/se\/wp-json\/wp\/v2\/media\/45049"}],"wp:attachment":[{"href":"https:\/\/www.europesays.com\/se\/wp-json\/wp\/v2\/media?parent=45048"}],"wp:term":[{"taxonomy":"category","embeddable":true,"href":"https:\/\/www.europesays.com\/se\/wp-json\/wp\/v2\/categories?post=45048"},{"taxonomy":"post_tag","embeddable":true,"href":"https:\/\/www.europesays.com\/se\/wp-json\/wp\/v2\/tags?post=45048"}],"curies":[{"name":"wp","href":"https:\/\/api.w.org\/{rel}","templated":true}]}}