{"id":45050,"date":"2025-10-02T07:03:12","date_gmt":"2025-10-02T07:03:12","guid":{"rendered":"https:\/\/www.europesays.com\/se\/45050\/"},"modified":"2025-10-02T07:03:12","modified_gmt":"2025-10-02T07:03:12","slug":"vem-behover-glasogon-medicinvetarna-181","status":"publish","type":"post","link":"https:\/\/www.europesays.com\/se\/45050\/","title":{"rendered":"Vem beh\u00f6ver glas\u00f6gon? Medicinvetarna #181"},"content":{"rendered":"<p>Bild:<\/p>\n<p> <img decoding=\"async\" src=\"https:\/\/www.europesays.com\/se\/wp-content\/uploads\/2025\/10\/RuneBrautaset_custom20251001102615.jpg\" alt=\"Portr\u00e4tt av Rune Brautaset\"\/><\/p>\n<p>Rubrik:<\/p>\n<p> Rune Brautaset<br \/>\nFoto: Andreas Andersson<\/p>\n<p>Det \u00e4r mycket som beh\u00f6ver st\u00e4mma f\u00f6r att vi ska kunna se bra.<\/p>\n<p>\u2013 F\u00f6rst ska ljus fr\u00e5n solen eller en lampa reflekteras p\u00e5 ett f\u00f6rem\u00e5l, och d\u00e4refter brytas och fokuseras p\u00e5 n\u00e4thinnan. D\u00e5 beh\u00f6vs b\u00e5de en fungerande t\u00e5rfilm som j\u00e4mnar till hornhinnan och en fungerande lins. Sedan ska ljusenergin omvandlas till en elektrisk impuls som g\u00e5r till flera syncentra i hj\u00e4rnan, s\u00e4ger\u00a0<a href=\"https:\/\/ki.se\/personer\/rune-brautaset\" data-entity-type=\"external\" rel=\"nofollow noopener\" target=\"_blank\">Rune Brautaset<\/a>, optiker och Sveriges f\u00f6rsta professor i optometri vid institutionen f\u00f6r klinisk neurovetenskap vid Karolinska Institutet.\u00a0<\/p>\n<p>Hans forskning kretsar kring \u00f6gats struktur och funktion och hur neurologiska sjukdomar som exempelvis ms p\u00e5verkar synen.<\/p>\n<p>I avsnitt 181 av KI:s podcast Medicinvetarna f\u00f6rklarar han bland annat var man ska v\u00e4nda sig till vid \u00f6gonproblem.<\/p>\n<p>\u2013 Om du till exempel beh\u00f6ver en operation eller mediciner till \u00f6gat s\u00e5 \u00e4r det en \u00f6gonl\u00e4kare som tar hand om det men om du beh\u00f6ver hj\u00e4lp att se b\u00e4ttre s\u00e5 kan en optiker hj\u00e4lpa dig, s\u00e4ger han.<\/p>\n","protected":false},"excerpt":{"rendered":"Bild: Rubrik: Rune Brautaset Foto: Andreas Andersson Det \u00e4r mycket som beh\u00f6ver st\u00e4mma f\u00f6r att vi ska kunna&hellip;\n","protected":false},"author":2,"featured_media":45051,"comment_status":"","ping_status":"","sticky":false,"template":"","format":"standard","meta":{"footnotes":""},"categories":[69],"tags":[113,112,34,31,33,32,30],"class_list":{"0":"post-45050","1":"post","2":"type-post","3":"status-publish","4":"format-standard","5":"has-post-thumbnail","7":"category-halsa","8":"tag-halsa","9":"tag-health","10":"tag-se","11":"tag-svenska","12":"tag-sverige","13":"tag-sweden","14":"tag-swedish"},"share_on_mastodon":{"url":"","error":""},"_links":{"self":[{"href":"https:\/\/www.europesays.com\/se\/wp-json\/wp\/v2\/posts\/45050","targetHints":{"allow":["GET"]}}],"collection":[{"href":"https:\/\/www.europesays.com\/se\/wp-json\/wp\/v2\/posts"}],"about":[{"href":"https:\/\/www.europesays.com\/se\/wp-json\/wp\/v2\/types\/post"}],"author":[{"embeddable":true,"href":"https:\/\/www.europesays.com\/se\/wp-json\/wp\/v2\/users\/2"}],"replies":[{"embeddable":true,"href":"https:\/\/www.europesays.com\/se\/wp-json\/wp\/v2\/comments?post=45050"}],"version-history":[{"count":0,"href":"https:\/\/www.europesays.com\/se\/wp-json\/wp\/v2\/posts\/45050\/revisions"}],"wp:featuredmedia":[{"embeddable":true,"href":"https:\/\/www.europesays.com\/se\/wp-json\/wp\/v2\/media\/45051"}],"wp:attachment":[{"href":"https:\/\/www.europesays.com\/se\/wp-json\/wp\/v2\/media?parent=45050"}],"wp:term":[{"taxonomy":"category","embeddable":true,"href":"https:\/\/www.europesays.com\/se\/wp-json\/wp\/v2\/categories?post=45050"},{"taxonomy":"post_tag","embeddable":true,"href":"https:\/\/www.europesays.com\/se\/wp-json\/wp\/v2\/tags?post=45050"}],"curies":[{"name":"wp","href":"https:\/\/api.w.org\/{rel}","templated":true}]}}