{"id":45070,"date":"2025-10-02T07:23:09","date_gmt":"2025-10-02T07:23:09","guid":{"rendered":"https:\/\/www.europesays.com\/se\/45070\/"},"modified":"2025-10-02T07:23:09","modified_gmt":"2025-10-02T07:23:09","slug":"openai-uppges-vara-vart-500-miljarder-dollar-efter-anstalldas-aktieforsaljningar","status":"publish","type":"post","link":"https:\/\/www.europesays.com\/se\/45070\/","title":{"rendered":"OpenAI uppges vara v\u00e4rt 500 miljarder dollar efter anst\u00e4lldas aktief\u00f6rs\u00e4ljningar"},"content":{"rendered":"<p>&#13;<br \/>\n                        Aff\u00e4ren inneb\u00e4r att OpenAI seglar f\u00f6rbi Elon Musks rymdbolag Spacex till att vara den mest v\u00e4rdefulla startupen i v\u00e4rlden. OpenAI:s tidigare v\u00e4rdering l\u00e5g p\u00e5 300 miljarder dollar, vilken erh\u00f6lls i samband med en finansieringsrunda p\u00e5 40 miljarder dollar ledd av japanska techinvesteraren Softbank.<\/p>\n<p>Enligt k\u00e4llor var k\u00f6pare av de anst\u00e4lldas aktier en grupp investerare, d\u00e4ribland Thrive Capital, Softbank, Dragoneer Investment Group, Abu Dhabis MGX och T. Rowe Price.<\/p>\n<p>OpenAI har inte \u00e5terkommit med en kommentar.<\/p>\n<p>Stora amerikanska startups f\u00f6rhandlar ofta om aktief\u00f6rs\u00e4ljning f\u00f6r sina anst\u00e4llda som ett s\u00e4tt att bel\u00f6na och beh\u00e5lla personal, och \u00e4ven attrahera externa investerare.&#13;\n                    <\/p>\n","protected":false},"excerpt":{"rendered":"&#13; Aff\u00e4ren inneb\u00e4r att OpenAI seglar f\u00f6rbi Elon Musks rymdbolag Spacex till att vara den mest v\u00e4rdefulla startupen&hellip;\n","protected":false},"author":2,"featured_media":37365,"comment_status":"","ping_status":"","sticky":false,"template":"","format":"standard","meta":{"footnotes":""},"categories":[65],"tags":[72,70,71,454,453,451,452,34,31,33,32,30,455],"class_list":{"0":"post-45070","1":"post","2":"type-post","3":"status-publish","4":"format-standard","5":"has-post-thumbnail","7":"category-ekonomi","8":"tag-business","9":"tag-economy","10":"tag-ekonomi","11":"tag-ekonomisk-analys","12":"tag-finans","13":"tag-finansiella-nyheter","14":"tag-investera","15":"tag-se","16":"tag-svenska","17":"tag-sverige","18":"tag-sweden","19":"tag-swedish","20":"tag-trading"},"share_on_mastodon":{"url":"","error":""},"_links":{"self":[{"href":"https:\/\/www.europesays.com\/se\/wp-json\/wp\/v2\/posts\/45070","targetHints":{"allow":["GET"]}}],"collection":[{"href":"https:\/\/www.europesays.com\/se\/wp-json\/wp\/v2\/posts"}],"about":[{"href":"https:\/\/www.europesays.com\/se\/wp-json\/wp\/v2\/types\/post"}],"author":[{"embeddable":true,"href":"https:\/\/www.europesays.com\/se\/wp-json\/wp\/v2\/users\/2"}],"replies":[{"embeddable":true,"href":"https:\/\/www.europesays.com\/se\/wp-json\/wp\/v2\/comments?post=45070"}],"version-history":[{"count":0,"href":"https:\/\/www.europesays.com\/se\/wp-json\/wp\/v2\/posts\/45070\/revisions"}],"wp:featuredmedia":[{"embeddable":true,"href":"https:\/\/www.europesays.com\/se\/wp-json\/wp\/v2\/media\/37365"}],"wp:attachment":[{"href":"https:\/\/www.europesays.com\/se\/wp-json\/wp\/v2\/media?parent=45070"}],"wp:term":[{"taxonomy":"category","embeddable":true,"href":"https:\/\/www.europesays.com\/se\/wp-json\/wp\/v2\/categories?post=45070"},{"taxonomy":"post_tag","embeddable":true,"href":"https:\/\/www.europesays.com\/se\/wp-json\/wp\/v2\/tags?post=45070"}],"curies":[{"name":"wp","href":"https:\/\/api.w.org\/{rel}","templated":true}]}}