{"id":45081,"date":"2025-10-02T07:31:11","date_gmt":"2025-10-02T07:31:11","guid":{"rendered":"https:\/\/www.europesays.com\/se\/45081\/"},"modified":"2025-10-02T07:31:11","modified_gmt":"2025-10-02T07:31:11","slug":"openai-rundar-av-rekordaffar-i-talangjakten","status":"publish","type":"post","link":"https:\/\/www.europesays.com\/se\/45081\/","title":{"rendered":"OpenAI rundar av rekordaff\u00e4r i talangjakten"},"content":{"rendered":"<p>Det uppger en k\u00e4lla, ber\u00e4ttar <a href=\"https:\/\/www.bloomberg.com\/news\/articles\/2025-10-02\/openai-completes-share-sale-at-record-500-billion-valuation?srnd=homepage-europe\" rel=\"nofollow noopener\" target=\"_blank\">Business Insider<\/a> och konstaterar att OpenAI, som tillverkar ChatGPT, d\u00e4rmed g\u00e5r f\u00f6re serieentrepren\u00f6ren <strong>Elon Musks<\/strong> rymdbolag SpaceX och idessutom ntar tronen som v\u00e4rldens mest v\u00e4rdefulla startup.<\/p>\n<p>Tidigare v\u00e4rderades OpenAI, vars vd \u00e4r <strong>Sam Altman<\/strong>, till 300 miljarder dollar i samband med en kapitalinjektion.<\/p>\n<p>Det var Softbank som ledde den finansieringsrundan, som uppgick till 40 miljarder dollar, skriver BI.<\/p>\n<p>Som en del av aff\u00e4ren s\u00e5lde OpenAIs anst\u00e4llda aktier till en grupp investerare, inklusive\u00a0<a href=\"https:\/\/www.bloomberg.com\/quote\/8154717Z:US\" rel=\"nofollow noopener\" target=\"_blank\">Thrive Capital<\/a>\u00a0, SoftBank,\u00a0<a href=\"https:\/\/www.bloomberg.com\/quote\/0611743D:US\" rel=\"nofollow noopener\" target=\"_blank\">Dragoneer Investment Group<\/a>\u00a0, Abu Dhabis MGX och\u00a0<a href=\"https:\/\/www.bloomberg.com\/quote\/TROW:US\" rel=\"nofollow noopener\" target=\"_blank\">T. Rowe Price<\/a>, enligt den anonyma uppgiftsl\u00e4mnaren, ber\u00e4ttar tidningen som h\u00e4nvisar till Bloomberg.<\/p>\n<p>Ingen av de inblandade parterna har hittills kommenterat de senaste uppgifterna om m\u00f6jligheten till aktief\u00f6rs\u00e4ljning.<\/p>\n<p>Det \u00e4r vanligt att stora bolag i USA g\u00f6r upp med sina anst\u00e4llda om aktief\u00f6rs\u00e4ljning f\u00f6r att beh\u00e5lla talangerna.<\/p>\n<p>\u201dOpenAI st\u00e5r inf\u00f6r en alltmer konkurrensutsatt marknad f\u00f6r AI-talanger.\u00a0<a href=\"https:\/\/www.bloomberg.com\/quote\/META:US\" rel=\"nofollow noopener\" target=\"_blank\">Meta Platforms Inc.<\/a>\u00a0har aggressivt rekryterat forskare fr\u00e5n OpenAI och andra topplabb till sitt nya \u201csuperintelligensteam\u201d, och erbjuder l\u00f6nepaket i\u00a0<a href=\"https:\/\/www.bloomberg.com\/news\/articles\/2025-07-09\/meta-poached-apple-s-pang-with-pay-package-over-200-million\" rel=\"nofollow noopener\" target=\"_blank\">niosiffrigt intervall<\/a>\u00a0. En andrahandsf\u00f6rs\u00e4ljning skulle kunna hj\u00e4lpa OpenAI att stimulera personalen att stanna kvar p\u00e5 f\u00f6retaget och tacka nej till dessa p\u00e5kostade kompensationserbjudanden\u201d, skriver Business Insider.<\/p>\n","protected":false},"excerpt":{"rendered":"Det uppger en k\u00e4lla, ber\u00e4ttar Business Insider och konstaterar att OpenAI, som tillverkar ChatGPT, d\u00e4rmed g\u00e5r f\u00f6re serieentrepren\u00f6ren&hellip;\n","protected":false},"author":2,"featured_media":45082,"comment_status":"","ping_status":"","sticky":false,"template":"","format":"standard","meta":{"footnotes":""},"categories":[65],"tags":[4579,4580,4581,72,70,71,4582,4583,34,31,33,32,30,4584],"class_list":{"0":"post-45081","1":"post","2":"type-post","3":"status-publish","4":"format-standard","5":"has-post-thumbnail","7":"category-ekonomi","8":"tag-affar","9":"tag-aktieforsaljning","10":"tag-anstallda","11":"tag-business","12":"tag-economy","13":"tag-ekonomi","14":"tag-finansieringsrunda","15":"tag-openai","16":"tag-se","17":"tag-svenska","18":"tag-sverige","19":"tag-sweden","20":"tag-swedish","21":"tag-talanger"},"share_on_mastodon":{"url":"","error":""},"_links":{"self":[{"href":"https:\/\/www.europesays.com\/se\/wp-json\/wp\/v2\/posts\/45081","targetHints":{"allow":["GET"]}}],"collection":[{"href":"https:\/\/www.europesays.com\/se\/wp-json\/wp\/v2\/posts"}],"about":[{"href":"https:\/\/www.europesays.com\/se\/wp-json\/wp\/v2\/types\/post"}],"author":[{"embeddable":true,"href":"https:\/\/www.europesays.com\/se\/wp-json\/wp\/v2\/users\/2"}],"replies":[{"embeddable":true,"href":"https:\/\/www.europesays.com\/se\/wp-json\/wp\/v2\/comments?post=45081"}],"version-history":[{"count":0,"href":"https:\/\/www.europesays.com\/se\/wp-json\/wp\/v2\/posts\/45081\/revisions"}],"wp:featuredmedia":[{"embeddable":true,"href":"https:\/\/www.europesays.com\/se\/wp-json\/wp\/v2\/media\/45082"}],"wp:attachment":[{"href":"https:\/\/www.europesays.com\/se\/wp-json\/wp\/v2\/media?parent=45081"}],"wp:term":[{"taxonomy":"category","embeddable":true,"href":"https:\/\/www.europesays.com\/se\/wp-json\/wp\/v2\/categories?post=45081"},{"taxonomy":"post_tag","embeddable":true,"href":"https:\/\/www.europesays.com\/se\/wp-json\/wp\/v2\/tags?post=45081"}],"curies":[{"name":"wp","href":"https:\/\/api.w.org\/{rel}","templated":true}]}}