{"id":45096,"date":"2025-10-02T08:06:23","date_gmt":"2025-10-02T08:06:23","guid":{"rendered":"https:\/\/www.europesays.com\/se\/45096\/"},"modified":"2025-10-02T08:06:23","modified_gmt":"2025-10-02T08:06:23","slug":"man-i-goteborg-dod-efter-stickskador-en-gripen","status":"publish","type":"post","link":"https:\/\/www.europesays.com\/se\/45096\/","title":{"rendered":"Man i G\u00f6teborg d\u00f6d efter stickskador \u2013 en gripen"},"content":{"rendered":"<p>En man i 35-\u00e5rs\u00e5ldern har d\u00f6tt efter att ha stickskadats i Majorna i G\u00f6teborg p\u00e5 onsdagskv\u00e4llen. En man i 40-\u00e5rs\u00e5ldern \u00e4r gripen misst\u00e4nkt f\u00f6r mord. <\/p>\n<p>H\u00e4ndelsen intr\u00e4ffade enligt polisen inomhus, rapporterar SVT Nyheter. Under natten har polisen genomf\u00f6rt en teknisk unders\u00f6kning p\u00e5 platsen. <\/p>\n<p>Omni \u00e4r politiskt obundna och oberoende. Vi str\u00e4var efter att ge fler perspektiv p\u00e5 nyheterna. Har du fr\u00e5gor eller synpunkter kring v\u00e5r rapportering? <a href=\"https:\/\/omni.se\/man-i-goteborg-dod-efter-stickskador-en-gripen\/a\/mailto:redaktion@omni.se\" class=\"ArticleActions_contactLink__W2F1M\" rel=\"nofollow noopener\" target=\"_blank\">Kontakta redaktionen<\/a><\/p>\n","protected":false},"excerpt":{"rendered":"En man i 35-\u00e5rs\u00e5ldern har d\u00f6tt efter att ha stickskadats i Majorna i G\u00f6teborg p\u00e5 onsdagskv\u00e4llen. En man&hellip;\n","protected":false},"author":2,"featured_media":45097,"comment_status":"","ping_status":"","sticky":false,"template":"","format":"standard","meta":{"footnotes":""},"categories":[5],"tags":[22,23,128,26,27,1083,17,21,24,25,28,29,15,16,18,34,31,33,32,30,19,20,1084],"class_list":{"0":"post-45096","1":"post","2":"type-post","3":"status-publish","4":"format-standard","5":"has-post-thumbnail","7":"category-rubriker","8":"tag-breaking-news","9":"tag-breakingnews","10":"tag-brott","11":"tag-featured-news","12":"tag-featurednews","13":"tag-goteborg","14":"tag-headlines","15":"tag-huvudnyheter","16":"tag-latest-news","17":"tag-latestnews","18":"tag-main-news","19":"tag-mainnews","20":"tag-news","21":"tag-nyheter","22":"tag-rubriker","23":"tag-se","24":"tag-svenska","25":"tag-sverige","26":"tag-sweden","27":"tag-swedish","28":"tag-top-stories","29":"tag-topstories","30":"tag-vastra-gotalands-lan"},"share_on_mastodon":{"url":"","error":""},"_links":{"self":[{"href":"https:\/\/www.europesays.com\/se\/wp-json\/wp\/v2\/posts\/45096","targetHints":{"allow":["GET"]}}],"collection":[{"href":"https:\/\/www.europesays.com\/se\/wp-json\/wp\/v2\/posts"}],"about":[{"href":"https:\/\/www.europesays.com\/se\/wp-json\/wp\/v2\/types\/post"}],"author":[{"embeddable":true,"href":"https:\/\/www.europesays.com\/se\/wp-json\/wp\/v2\/users\/2"}],"replies":[{"embeddable":true,"href":"https:\/\/www.europesays.com\/se\/wp-json\/wp\/v2\/comments?post=45096"}],"version-history":[{"count":0,"href":"https:\/\/www.europesays.com\/se\/wp-json\/wp\/v2\/posts\/45096\/revisions"}],"wp:featuredmedia":[{"embeddable":true,"href":"https:\/\/www.europesays.com\/se\/wp-json\/wp\/v2\/media\/45097"}],"wp:attachment":[{"href":"https:\/\/www.europesays.com\/se\/wp-json\/wp\/v2\/media?parent=45096"}],"wp:term":[{"taxonomy":"category","embeddable":true,"href":"https:\/\/www.europesays.com\/se\/wp-json\/wp\/v2\/categories?post=45096"},{"taxonomy":"post_tag","embeddable":true,"href":"https:\/\/www.europesays.com\/se\/wp-json\/wp\/v2\/tags?post=45096"}],"curies":[{"name":"wp","href":"https:\/\/api.w.org\/{rel}","templated":true}]}}