{"id":45143,"date":"2025-10-02T09:05:11","date_gmt":"2025-10-02T09:05:11","guid":{"rendered":"https:\/\/www.europesays.com\/se\/45143\/"},"modified":"2025-10-02T09:05:11","modified_gmt":"2025-10-02T09:05:11","slug":"las-in-diddy-en-lang-tid","status":"publish","type":"post","link":"https:\/\/www.europesays.com\/se\/45143\/","title":{"rendered":"L\u00e5s in Diddy en l\u00e5ng tid"},"content":{"rendered":"<p>Publicerad 2 okt 2025 kl 10.54<\/p>\n<p>P\u00e5 fredag f\u00e5r Sean \u201dDiddy\u201d Combs sitt straff.<\/p>\n<p>Hans ex Cassie Ventura v\u00e4djar om ett h\u00e5rt s\u00e5dant.<\/p>\n<p>\u201dHan kommer alltid vara samma grymma, maktgalna, manipulativa man\u201d, skriver hon i ett uttalande.<\/p>\n<p><img   alt=\"\"\/><\/p>\n<p>Cassie Ventura och Sean Combs 2015.<\/p>\n<p>Foto: CHARLES SYKES \/ AP TT NYHETSBYR\u00c5N<\/p>\n<p>\u00d6ppna bild i helsk\u00e4rm<img loading=\"lazy\"   alt=\"\"\/><\/p>\n<p>Nu v\u00e4djar hon att exet f\u00e5r ett l\u00e5ngt f\u00e4ngelsestraff.<\/p>\n<p>Foto: LIONEL CIRONNEAU \/ AP TT NYHETSBYR\u00c5N<\/p>\n<p>\u00d6ppna bild i helsk\u00e4rm<\/p>\n<p>Tidigare i \u00e5r vittnade Cassie Ventura, som var ihop med Combs 2007-2018, mot honom i r\u00e4tteg\u00e5ngen.<\/p>\n<p>\u2013 Han brukade sl\u00e5 mitt huvud, sl\u00e5 omkull mig, dra i mig, sparka mig, stampa mig i huvudet om jag l\u00e5g ned, <a href=\"https:\/\/www.expressen.se\/noje\/exet-i-diddyrattegangen-blamarken-overallt\/\" rel=\"nofollow noopener\" target=\"_blank\">sa hon bland annat.<\/a><\/p>\n<p>R\u00e4tteg\u00e5ngen slutade med att \u201dDiddy\u201d friades fr\u00e5n \u00e5talen om m\u00e4nniskohandel och utpressning, men f\u00e4lldes f\u00f6r tv\u00e5 kopplerirelaterade brott.<\/p>\n<p>P\u00e5 fredag meddelar domstolen hans straff, och inf\u00f6r det har Cassie Ventura yttrat sig.<\/p>\n<p>\u201dJag \u00e4r r\u00e4dd att det f\u00f6rsta han g\u00f6r om han g\u00e5r fri \u00e4r att h\u00e4mnas p\u00e5 mig och de andra som vittnat mot honom\u201d, skriver hon.<\/p>\n<p>\u201dDet \u00e4cklar mig\u201d<\/p>\n<p>Hon v\u00e4nder sig ocks\u00e5 mot bilden som Combs och hans advokater m\u00e5lar upp \u2013 av en f\u00f6r\u00e4ndrad man.<\/p>\n<p>\u201dDet \u00e4cklar mig, det \u00e4r inte sant\u201d, skriver Ventura.<\/p>\n<p>\u201dHan \u00e4r den han \u00e4r som m\u00e4nniska.\u201d<\/p>\n","protected":false},"excerpt":{"rendered":"Publicerad 2 okt 2025 kl 10.54 P\u00e5 fredag f\u00e5r Sean \u201dDiddy\u201d Combs sitt straff. Hans ex Cassie Ventura&hellip;\n","protected":false},"author":2,"featured_media":45144,"comment_status":"","ping_status":"","sticky":false,"template":"","format":"standard","meta":{"footnotes":""},"categories":[67],"tags":[104,34,31,33,32,30,310,136,105],"class_list":{"0":"post-45143","1":"post","2":"type-post","3":"status-publish","4":"format-standard","5":"has-post-thumbnail","7":"category-underhallning","8":"tag-entertainment","9":"tag-se","10":"tag-svenska","11":"tag-sverige","12":"tag-sweden","13":"tag-swedish","14":"tag-topic-kandisar","15":"tag-topic-rattegangar-domar","16":"tag-underhallning"},"share_on_mastodon":{"url":"","error":""},"_links":{"self":[{"href":"https:\/\/www.europesays.com\/se\/wp-json\/wp\/v2\/posts\/45143","targetHints":{"allow":["GET"]}}],"collection":[{"href":"https:\/\/www.europesays.com\/se\/wp-json\/wp\/v2\/posts"}],"about":[{"href":"https:\/\/www.europesays.com\/se\/wp-json\/wp\/v2\/types\/post"}],"author":[{"embeddable":true,"href":"https:\/\/www.europesays.com\/se\/wp-json\/wp\/v2\/users\/2"}],"replies":[{"embeddable":true,"href":"https:\/\/www.europesays.com\/se\/wp-json\/wp\/v2\/comments?post=45143"}],"version-history":[{"count":0,"href":"https:\/\/www.europesays.com\/se\/wp-json\/wp\/v2\/posts\/45143\/revisions"}],"wp:featuredmedia":[{"embeddable":true,"href":"https:\/\/www.europesays.com\/se\/wp-json\/wp\/v2\/media\/45144"}],"wp:attachment":[{"href":"https:\/\/www.europesays.com\/se\/wp-json\/wp\/v2\/media?parent=45143"}],"wp:term":[{"taxonomy":"category","embeddable":true,"href":"https:\/\/www.europesays.com\/se\/wp-json\/wp\/v2\/categories?post=45143"},{"taxonomy":"post_tag","embeddable":true,"href":"https:\/\/www.europesays.com\/se\/wp-json\/wp\/v2\/tags?post=45143"}],"curies":[{"name":"wp","href":"https:\/\/api.w.org\/{rel}","templated":true}]}}