{"id":45354,"date":"2025-10-02T12:59:19","date_gmt":"2025-10-02T12:59:19","guid":{"rendered":"https:\/\/www.europesays.com\/se\/45354\/"},"modified":"2025-10-02T12:59:19","modified_gmt":"2025-10-02T12:59:19","slug":"ai-kan-radda-barn-med-epilepsi","status":"publish","type":"post","link":"https:\/\/www.europesays.com\/se\/45354\/","title":{"rendered":"AI kan r\u00e4dda barn med epilepsi"},"content":{"rendered":"<p>L\u00e4kare kan med hj\u00e4lp av ett AI-verktyg bli b\u00e4ttre p\u00e5 att uppt\u00e4cka missbildningar i hj\u00e4rnan hos barn med epilepsi, rapporterar AFP med h\u00e4nvisning till en australisk studie. Det kan i f\u00f6rl\u00e4ngningen leda till att patienterna f\u00e5r tillg\u00e5ng till kirurgi som kan vara livsavg\u00f6rande. <\/p>\n<p>Omkring tre av tio fall av epilepsi beror p\u00e5 avvikelser i hj\u00e4rnan, men de missas ofta vid unders\u00f6kningar med magnetkamera. Neurologer i Melbourne har varit med och tr\u00e4nat AI p\u00e5 att analysera bilder p\u00e5 barns hj\u00e4rnor och resultatet \u00e4r ett verktyg som kan uppt\u00e4cka mycket sm\u00e5 avvikelser. <\/p>\n<p>Verktyget ska inte ers\u00e4tta l\u00e4kare, betonar neurologen Emma Macdonald-Laurs.<\/p>\n<p>\u2013 Men det \u00e4r som en detektiv som hj\u00e4lper oss att l\u00e4gga ihop pusselbitarna.<\/p>\n<p>Omni \u00e4r politiskt obundna och oberoende. Vi str\u00e4var efter att ge fler perspektiv p\u00e5 nyheterna. Har du fr\u00e5gor eller synpunkter kring v\u00e5r rapportering? <a href=\"https:\/\/omni.se\/forskare-ai-kan-radda-barn-med-epilepsi\/a\/mailto:redaktion@omni.se\" class=\"ArticleActions_contactLink__W2F1M\" rel=\"nofollow noopener\" target=\"_blank\">Kontakta redaktionen<\/a><\/p>\n","protected":false},"excerpt":{"rendered":"L\u00e4kare kan med hj\u00e4lp av ett AI-verktyg bli b\u00e4ttre p\u00e5 att uppt\u00e4cka missbildningar i hj\u00e4rnan hos barn med&hellip;\n","protected":false},"author":2,"featured_media":45355,"comment_status":"","ping_status":"","sticky":false,"template":"","format":"standard","meta":{"footnotes":""},"categories":[69],"tags":[466,332,113,112,34,31,33,32,30],"class_list":{"0":"post-45354","1":"post","2":"type-post","3":"status-publish","4":"format-standard","5":"has-post-thumbnail","7":"category-halsa","8":"tag-artificiell-intelligens","9":"tag-forskning-vetenskap","10":"tag-halsa","11":"tag-health","12":"tag-se","13":"tag-svenska","14":"tag-sverige","15":"tag-sweden","16":"tag-swedish"},"share_on_mastodon":{"url":"","error":""},"_links":{"self":[{"href":"https:\/\/www.europesays.com\/se\/wp-json\/wp\/v2\/posts\/45354","targetHints":{"allow":["GET"]}}],"collection":[{"href":"https:\/\/www.europesays.com\/se\/wp-json\/wp\/v2\/posts"}],"about":[{"href":"https:\/\/www.europesays.com\/se\/wp-json\/wp\/v2\/types\/post"}],"author":[{"embeddable":true,"href":"https:\/\/www.europesays.com\/se\/wp-json\/wp\/v2\/users\/2"}],"replies":[{"embeddable":true,"href":"https:\/\/www.europesays.com\/se\/wp-json\/wp\/v2\/comments?post=45354"}],"version-history":[{"count":0,"href":"https:\/\/www.europesays.com\/se\/wp-json\/wp\/v2\/posts\/45354\/revisions"}],"wp:featuredmedia":[{"embeddable":true,"href":"https:\/\/www.europesays.com\/se\/wp-json\/wp\/v2\/media\/45355"}],"wp:attachment":[{"href":"https:\/\/www.europesays.com\/se\/wp-json\/wp\/v2\/media?parent=45354"}],"wp:term":[{"taxonomy":"category","embeddable":true,"href":"https:\/\/www.europesays.com\/se\/wp-json\/wp\/v2\/categories?post=45354"},{"taxonomy":"post_tag","embeddable":true,"href":"https:\/\/www.europesays.com\/se\/wp-json\/wp\/v2\/tags?post=45354"}],"curies":[{"name":"wp","href":"https:\/\/api.w.org\/{rel}","templated":true}]}}