{"id":45383,"date":"2025-10-02T13:26:08","date_gmt":"2025-10-02T13:26:08","guid":{"rendered":"https:\/\/www.europesays.com\/se\/45383\/"},"modified":"2025-10-02T13:26:08","modified_gmt":"2025-10-02T13:26:08","slug":"bil-som-krockat-ringde-112-foraren-forsvunnen","status":"publish","type":"post","link":"https:\/\/www.europesays.com\/se\/45383\/","title":{"rendered":"Bil som krockat ringde 112 \u2013 f\u00f6raren f\u00f6rsvunnen"},"content":{"rendered":"<p>Publicerad 2 okt 2025 kl 13.40<\/p>\n<p>I natt fick SOS Alarm ett samtal om en bilolycka \u2013\u00a0fr\u00e5n bilen sj\u00e4lv.<\/p>\n<p>Var bilens f\u00f6rare \u00e4r har man d\u00e4remot ingen aning om. Nu utreds \u00e4rendet av polis.<\/p>\n<p><img   alt=\"\"\/><\/p>\n<p>Bilen ringde sj\u00e4lv in olyckan till SOS Alarm \u2013\u00a0men f\u00f6raren \u00e4r f\u00f6rsvunnen.<\/p>\n<p>Foto: Johan Nilsson \/ TT NYHETSBYR\u00c5N<\/p>\n<p>\u00d6ppna bild i helsk\u00e4rm<\/p>\n<p>Strax efter halv fem i morse fick <a href=\"https:\/\/www.expressen.se\/tagg\/organization\/sos-alarm\/\" class=\"\" rel=\"nofollow noopener\" target=\"_blank\">SOS Alarm<\/a> ett samtal om en bilolycka p\u00e5 J\u00e4rnv\u00e4gsleden utanf\u00f6r Skellefte\u00e5.\u00a0<\/p>\n<p>Men det var inte f\u00f6raren som ringde.\u00a0<\/p>\n<p>\u2013 Det var en bil som sj\u00e4lv ringde in om att den hade varit med om en olycka, s\u00e4ger Ulf Gille, larmoperat\u00f6r vid r\u00e4ddningstj\u00e4nsten, <a href=\"https:\/\/www.norran.se\/nyheter\/skelleftea\/artikel\/utreder-brott-efter-markliga-olyckan-bilen-larmade-pa-egen-hand\/re7k2p0j\" rel=\"nofollow noopener\" target=\"_blank\">till tidningen Norran<\/a>.<\/p>\n<p>R\u00e4ddningstj\u00e4nsten ryckte ut till GPS-positionen som angetts av bilen men n\u00e4r r\u00e4ddningspersonalen anl\u00e4nde till platsen fanns ingen person d\u00e4r. En s\u00f6kinsats i n\u00e4romr\u00e5det gav samma resultat \u2013\u00a0f\u00f6raren var sp\u00e5rl\u00f6st borta.<\/p>\n<p>Sj\u00e4lvk\u00f6rande bil br\u00f6t mot trafikregler<\/p>\n<p>Polisen har inlett en utredning av h\u00e4ndelsen som rubriceras som smitning fr\u00e5n trafikolycka och v\u00e5rdsl\u00f6shet i trafik.\u00a0<\/p>\n<p>Och i dagsl\u00e4get g\u00e5r det inte att fastst\u00e4lla vem som k\u00f6rt bilen, men vad som kan konstateras \u00e4r att bilen i Skellefte\u00e5 \u00e5tminstone \u00e4r mer laglydig \u00e4n f\u00f6retagets Waymos f\u00f6rarl\u00f6sa fordon som gjorde en <a href=\"https:\/\/www.expressen.se\/nyheter\/varlden\/polis-kunde-inte-dela-ut--boter-bilen-var-forarlos\/\" rel=\"nofollow noopener\" target=\"_blank\">olaglig u-sv\u00e4ng i Kalifornen h\u00e4r om dagen<\/a>.\u00a0<\/p>\n<p>N\u00e4r poliser stoppade fordonet f\u00f6r att dela ut b\u00f6ter fick man en \u00f6verraskning.<\/p>\n<p>\u201dEtt f\u00f6rarl\u00f6st fordon gjorde en olaglig U-sv\u00e4ng rakt framf\u00f6r dem vid ett trafikljus. Det st\u00e4mmer \u2013 ingen f\u00f6rare, inga h\u00e4nder, ingen aning\u201d, <a href=\"https:\/\/www.facebook.com\/sanbrunopolice\/posts\/pfbid0XwJmxwvx4uAcj7Xo5NAGpvt22N71QAPWSJHcM1aBzv5HCAkQaduKR54xn2ssFJGSl?rdid=X8Irsw2ljDla23Jj#\" rel=\"nofollow noopener\" target=\"_blank\">skriver polisen p\u00e5 Facebook<\/a>. B\u00f6terna f\u00f6r att g\u00f6ra en olaglig u-sv\u00e4ng i Kalifornien ligger p\u00e5 runt 2 500 kronor.\u00a0<\/p>\n<p>Men eftersom det inte fanns n\u00e5gon m\u00e4nsklig f\u00f6rare kunde polisen inte utf\u00e4rda n\u00e5gra b\u00f6ter trots att taxin brutit mot trafikreglerna.<\/p>\n","protected":false},"excerpt":{"rendered":"Publicerad 2 okt 2025 kl 13.40 I natt fick SOS Alarm ett samtal om en bilolycka \u2013\u00a0fr\u00e5n bilen&hellip;\n","protected":false},"author":2,"featured_media":45384,"comment_status":"","ping_status":"","sticky":false,"template":"","format":"standard","meta":{"footnotes":""},"categories":[12],"tags":[22,23,26,27,17,21,24,25,1869,28,29,15,16,2116,18,34,154,31,33,32,30,19,764,710,20],"class_list":{"0":"post-45383","1":"post","2":"type-post","3":"status-publish","4":"format-standard","5":"has-post-thumbnail","7":"category-sverige","8":"tag-breaking-news","9":"tag-breakingnews","10":"tag-featured-news","11":"tag-featurednews","12":"tag-headlines","13":"tag-huvudnyheter","14":"tag-latest-news","15":"tag-latestnews","16":"tag-location-skelleftea","17":"tag-main-news","18":"tag-mainnews","19":"tag-news","20":"tag-nyheter","21":"tag-organization-sos-alarm","22":"tag-rubriker","23":"tag-se","24":"tag-sections-sverige","25":"tag-svenska","26":"tag-sverige","27":"tag-sweden","28":"tag-swedish","29":"tag-top-stories","30":"tag-topic-olycksfall","31":"tag-topic-raddningstjanst-raddningsinsats","32":"tag-topstories"},"share_on_mastodon":{"url":"","error":""},"_links":{"self":[{"href":"https:\/\/www.europesays.com\/se\/wp-json\/wp\/v2\/posts\/45383","targetHints":{"allow":["GET"]}}],"collection":[{"href":"https:\/\/www.europesays.com\/se\/wp-json\/wp\/v2\/posts"}],"about":[{"href":"https:\/\/www.europesays.com\/se\/wp-json\/wp\/v2\/types\/post"}],"author":[{"embeddable":true,"href":"https:\/\/www.europesays.com\/se\/wp-json\/wp\/v2\/users\/2"}],"replies":[{"embeddable":true,"href":"https:\/\/www.europesays.com\/se\/wp-json\/wp\/v2\/comments?post=45383"}],"version-history":[{"count":0,"href":"https:\/\/www.europesays.com\/se\/wp-json\/wp\/v2\/posts\/45383\/revisions"}],"wp:featuredmedia":[{"embeddable":true,"href":"https:\/\/www.europesays.com\/se\/wp-json\/wp\/v2\/media\/45384"}],"wp:attachment":[{"href":"https:\/\/www.europesays.com\/se\/wp-json\/wp\/v2\/media?parent=45383"}],"wp:term":[{"taxonomy":"category","embeddable":true,"href":"https:\/\/www.europesays.com\/se\/wp-json\/wp\/v2\/categories?post=45383"},{"taxonomy":"post_tag","embeddable":true,"href":"https:\/\/www.europesays.com\/se\/wp-json\/wp\/v2\/tags?post=45383"}],"curies":[{"name":"wp","href":"https:\/\/api.w.org\/{rel}","templated":true}]}}