{"id":46120,"date":"2025-10-03T09:47:07","date_gmt":"2025-10-03T09:47:07","guid":{"rendered":"https:\/\/www.europesays.com\/se\/46120\/"},"modified":"2025-10-03T09:47:07","modified_gmt":"2025-10-03T09:47:07","slug":"knut-steffensen-ska-ta-cell-och-genterapi-fran-forskningslabbet-till-patienterna","status":"publish","type":"post","link":"https:\/\/www.europesays.com\/se\/46120\/","title":{"rendered":"Knut Steffensen ska ta cell- och genterapi fr\u00e5n forskningslabbet till patienterna"},"content":{"rendered":"<p>Bild:<\/p>\n<p> <img decoding=\"async\" src=\"https:\/\/www.europesays.com\/se\/wp-content\/uploads\/2025\/10\/Startbild_ATMP-invigningsbild_custom20251003104143.webp.webp\" alt=\"Tre bilder j\u00e4msides som visar en person som arbetar i ett labb och har skyddsn\u00e4t f\u00f6r h\u00e5ret, ett par h\u00e4nder med gr\u00f6na handskar som h\u00e5ller i ett provr\u00f6r samt en l\u00e4kare som behandlar en patient p\u00e5 sjukhuset.\"\/><\/p>\n<p>Rubrik:<\/p>\n<p> Tre interi\u00f6rer fr\u00e5n Karolinska ATMP-centrum. Foto: Liza Simonsson, Joakim Lindberg<\/p>\n<p>ATMP-centrums uppdrag \u00e4r att accelerera utvecklingen och fungera som en l\u00e4nk mellan de olika funktioner som beh\u00f6vs \u2013\u202fi en milj\u00f6 som har forskning, tillverkning och behandling under samma tak.\u00a0<\/p>\n<p>\u2013\u202fP\u00e5 Karolinska finns en enorm kunskap att bygga vidare p\u00e5. Vi har redan alla ingredienser som kr\u00e4vs och m\u00e5nga bra strukturer, till exempel den kliniska pr\u00f6vningsenheten och tillverkningsenheten Vecura som tillverkar l\u00e4kemedlen, s\u00e4ger Knut Steffensen.\u00a0<\/p>\n<p>Han beskriver centret som ett \u201dvirtuellt nav\u201d d\u00e4r forskare, kliniker och l\u00e4kemedelsindustri ska kunna m\u00f6tas. Centret har tv\u00e5 huvuduppgifter: Att motverka stupr\u00f6r och att identifiera flaskhalsar i kedjan.\u00a0<\/p>\n<p>\u2013\u202fAtt ta forskning till kliniska pr\u00f6vningar \u00e4r en v\u00e4ldigt komplex process som kr\u00e4ver v\u00e4ldigt mycket planering. Jag ska f\u00f6rs\u00f6ka \u00f6ppna d\u00f6rrar l\u00e4ngs v\u00e4gen och s\u00e4tta upp strukturer och processer som underl\u00e4ttar arbetet, s\u00e4ger Knut Steffensen.\u00a0\u00a0<\/p>\n<p>Ytterligare en utmaning \u00e4r finansiering. B\u00e5de l\u00e4kemedelstillverkningen och de kliniska pr\u00f6vningarna \u00e4r kostsamma.\u00a0<\/p>\n<p>P\u00e5 sikt hoppas Knut Steffensen att ATMP-centrum ska bli en kontaktyta mot l\u00e4kemedelsindustrin, f\u00f6r samverkan och samfinansiering av projekt. Samtidigt bygger de strukturer som forskare kan anv\u00e4nda n\u00e4r de ans\u00f6ker om forskningsmedel.\u00a0<\/p>\n<p><strong>Fr\u00e5n sci fi till verklighet p\u00e5 15 \u00e5r\u00a0<\/strong>\u00a0<\/p>\n<p>Kombinationen att veta hur b\u00e5de den akademiska v\u00e4rlden och l\u00e4kemedelsindustrin fungerar ser han som en av sina viktigaste tillg\u00e5ngar i arbetet.\u00a0<\/p>\n<p>\u2013\u202fJag vet hur de olika organisationerna arbetar. Som forskare \u00e4r du van att driva dina egna projekt, i industrin arbetar du i team utan egenintresse. Industrin \u00e4r ocks\u00e5 b\u00e4ttre p\u00e5 att identifiera aff\u00e4rskritiska fr\u00e5gor och l\u00f6sa dem snabbt. Att kombinera de olika angreppss\u00e4tten tror jag \u00e4r v\u00e4gen fram\u00e5t, s\u00e4ger han.\u00a0<\/p>\n<p>Under sin karri\u00e4r har han varit med och sett cell- och genterapin utvecklas \u2013\u202ffr\u00e5n att betraktas som science fiction f\u00f6r 15 \u00e5r sedan, till att nu anv\u00e4ndas i v\u00e5rden. Som f\u00f6rest\u00e5ndare f\u00f6r ATMP-centrum vill han vidareutveckla samarbetet mellan forskning, v\u00e5rd, politik och industri.\u00a0\u00a0<\/p>\n<p>\u2013\u202fB\u00e5de sjukhus och politiker beh\u00f6ver f\u00f6rberedas p\u00e5 de behandlingar som \u00e4r p\u00e5 v\u00e4g och vad som kr\u00e4vs, till exempel i form av fler s\u00e4ngplatser. I slut\u00e4ndan \u00e4r det politikerna som s\u00e4tter sjukhusens budgetar. Industrin kan ocks\u00e5 bidra om vi hittar samarbeten som gynnar alla parter, s\u00e4ger han.\u00a0\u00a0<\/p>\n<p>Potentialen med behandlingarna \u00e4r n\u00e4stan gr\u00e4nsl\u00f6s, enligt Knut Steffensen. Om fem \u00e5r hoppas han att flera lovande projekt fr\u00e5n Karolinska Institutet \u00e4r klara f\u00f6r kliniska pr\u00f6vningar.\u00a0\u00a0<\/p>\n<p>\u2013\u202fOm bara n\u00e5gra f\u00e5 procent av de forskningsprojekt som i dag finns p\u00e5 Karolinska g\u00e5r hela v\u00e4gen kommer vi att kunna behandla m\u00e5nga sv\u00e5ra sjukdomar. Det skulle vara en gedigen succ\u00e9 f\u00f6r oss, men framf\u00f6r allt f\u00f6r patienterna, s\u00e4ger han.\u00a0<\/p>\n<p>Karolinska ATMP-centrum \u00e4r idag en av Europas ledande forskningsmilj\u00f6er p\u00e5 ATMP- omr\u00e5det, men det g\u00e5r inte att sl\u00e5 sig till ro f\u00f6r det, enligt Knut Steffensen.\u00a0<\/p>\n<p>\u2013 V\u00e4rlden har f\u00e5tt upp \u00f6gonen f\u00f6r cell- och genterapi. Det beh\u00f6vs fortsatta investeringar och strategiskt samarbete f\u00f6r att kunna beh\u00e5lla den ledande positionen, avslutar han.<\/p>\n<p>Text: Karin Tidestr\u00f6m<\/p>\n","protected":false},"excerpt":{"rendered":"Bild: Rubrik: Tre interi\u00f6rer fr\u00e5n Karolinska ATMP-centrum. Foto: Liza Simonsson, Joakim Lindberg ATMP-centrums uppdrag \u00e4r att accelerera utvecklingen&hellip;\n","protected":false},"author":2,"featured_media":46121,"comment_status":"","ping_status":"","sticky":false,"template":"","format":"standard","meta":{"footnotes":""},"categories":[69],"tags":[113,112,34,31,33,32,30],"class_list":{"0":"post-46120","1":"post","2":"type-post","3":"status-publish","4":"format-standard","5":"has-post-thumbnail","7":"category-halsa","8":"tag-halsa","9":"tag-health","10":"tag-se","11":"tag-svenska","12":"tag-sverige","13":"tag-sweden","14":"tag-swedish"},"share_on_mastodon":{"url":"","error":""},"_links":{"self":[{"href":"https:\/\/www.europesays.com\/se\/wp-json\/wp\/v2\/posts\/46120","targetHints":{"allow":["GET"]}}],"collection":[{"href":"https:\/\/www.europesays.com\/se\/wp-json\/wp\/v2\/posts"}],"about":[{"href":"https:\/\/www.europesays.com\/se\/wp-json\/wp\/v2\/types\/post"}],"author":[{"embeddable":true,"href":"https:\/\/www.europesays.com\/se\/wp-json\/wp\/v2\/users\/2"}],"replies":[{"embeddable":true,"href":"https:\/\/www.europesays.com\/se\/wp-json\/wp\/v2\/comments?post=46120"}],"version-history":[{"count":0,"href":"https:\/\/www.europesays.com\/se\/wp-json\/wp\/v2\/posts\/46120\/revisions"}],"wp:featuredmedia":[{"embeddable":true,"href":"https:\/\/www.europesays.com\/se\/wp-json\/wp\/v2\/media\/46121"}],"wp:attachment":[{"href":"https:\/\/www.europesays.com\/se\/wp-json\/wp\/v2\/media?parent=46120"}],"wp:term":[{"taxonomy":"category","embeddable":true,"href":"https:\/\/www.europesays.com\/se\/wp-json\/wp\/v2\/categories?post=46120"},{"taxonomy":"post_tag","embeddable":true,"href":"https:\/\/www.europesays.com\/se\/wp-json\/wp\/v2\/tags?post=46120"}],"curies":[{"name":"wp","href":"https:\/\/api.w.org\/{rel}","templated":true}]}}