{"id":46203,"date":"2025-10-03T11:35:09","date_gmt":"2025-10-03T11:35:09","guid":{"rendered":"https:\/\/www.europesays.com\/se\/46203\/"},"modified":"2025-10-03T11:35:09","modified_gmt":"2025-10-03T11:35:09","slug":"microsofts-stora-slapp-ai-ligger-bakom-forvandlingen","status":"publish","type":"post","link":"https:\/\/www.europesays.com\/se\/46203\/","title":{"rendered":"Microsofts stora sl\u00e4pp: AI ligger bakom f\u00f6rvandlingen"},"content":{"rendered":"<p>Microsoft rullar ut en omfattande uppdatering av ikonerna f\u00f6r sina tio k\u00e4rnappar i Microsoft 365, tidigare k\u00e4nt som Office. De nya symbolerna har en mjukare design som \u00e4r mer lekfull och f\u00e4rgstark.<\/p>\n<p>F\u00f6r\u00e4ndringen speglar ett skifte i produktutvecklingen, d\u00e4r den konstgjorda intelligensen Copilot spelar en allt st\u00f6rre roll. <\/p>\n<p>Det h\u00e4r \u00e4r den f\u00f6rsta stora uppdateringen av Office-ikonerna sedan 2018 och den ska visa p\u00e5 ett mer sammanh\u00e4ngande designsystem. Ikonerna \u00e4r nu baserade p\u00e5 inspirationen fr\u00e5n Copilot-ikonen, vilket symboliserar teknikens \u00f6kade inflytande p\u00e5 alla delar av Microsoft 365. <\/p>\n<p><img loading=\"lazy\" decoding=\"async\" width=\"1024\" height=\"512\" src=\"https:\/\/www.europesays.com\/se\/wp-content\/uploads\/2025\/10\/Microsoft-5-1024x512.png\" alt=\"Nya Microsoft 365. (Foto: Microsoft)\" class=\"wp-image-1566046\"  \/>Nya Microsoft 365. (Foto: Microsoft)Designfilosofin bakom de nya ikonerna<\/p>\n<p>Enligt <strong>Jon Friedman<\/strong>, corporate vice president f\u00f6r design och forskning f\u00f6r Microsoft 365, \u00e4r designen ett svar p\u00e5 en ny verklighet d\u00e4r samarbete mellan m\u00e4nniskor och artificiell intelligens blir allt viktigare.<\/p>\n<p>Han f\u00f6rklarar att \u2018de nya ikonerna utstr\u00e5lar en k\u00e4nsla av flyt och lekfullhet, samtidigt som de \u00e4r enklare, mer intuitiva och mycket tillg\u00e4ngliga\u2019.<\/p>\n<p>Designen har h\u00e4mtat inspiration fr\u00e5n Google:s nya logotyp, med en stark betoning p\u00e5 f\u00e4rggradienter. <\/p>\n<p>Friedman understryker att \u2018d\u00e4r gradienter en g\u00e5ng var subtila, \u00e4r de nu fylligare och mer livfulla, med \u00f6verdrivna analoga \u00f6verg\u00e5ngar som f\u00f6rb\u00e4ttrar kontrast och tillg\u00e4nglighet\u2019. <\/p>\n<p>Denna f\u00e4rgexplosion \u00e4r inte bara en kosmetisk f\u00f6r\u00e4ndring, utan syftar till att g\u00f6ra ikonerna tydligare, s\u00e4rskilt vid mindre storlekar.<\/p>\n<p><img loading=\"lazy\" decoding=\"async\" width=\"1024\" height=\"512\" src=\"https:\/\/www.europesays.com\/se\/wp-content\/uploads\/2025\/10\/Microsoft-4-1024x512.png\" alt=\"Nya Microsoft 365. (Foto: Microsoft)\" class=\"wp-image-1566045\"  \/>Nya Microsoft 365. (Foto: Microsoft)<\/p>\n","protected":false},"excerpt":{"rendered":"Microsoft rullar ut en omfattande uppdatering av ikonerna f\u00f6r sina tio k\u00e4rnappar i Microsoft 365, tidigare k\u00e4nt som&hellip;\n","protected":false},"author":2,"featured_media":46204,"comment_status":"","ping_status":"","sticky":false,"template":"","format":"standard","meta":{"footnotes":""},"categories":[66],"tags":[735,1416,505,80,78,79,34,31,33,32,30,81,84,4669,83,82],"class_list":{"0":"post-46203","1":"post","2":"type-post","3":"status-publish","4":"format-standard","5":"has-post-thumbnail","7":"category-vetenskap-och-teknik","8":"tag-microsoft","9":"tag-design","10":"tag-nyhet","11":"tag-science","12":"tag-science-and-technology","13":"tag-scienceandtechnology","14":"tag-se","15":"tag-svenska","16":"tag-sverige","17":"tag-sweden","18":"tag-swedish","19":"tag-technology","20":"tag-teknik","21":"tag-uppdatering","22":"tag-vetenskap","23":"tag-vetenskapteknik"},"share_on_mastodon":{"url":"","error":""},"_links":{"self":[{"href":"https:\/\/www.europesays.com\/se\/wp-json\/wp\/v2\/posts\/46203","targetHints":{"allow":["GET"]}}],"collection":[{"href":"https:\/\/www.europesays.com\/se\/wp-json\/wp\/v2\/posts"}],"about":[{"href":"https:\/\/www.europesays.com\/se\/wp-json\/wp\/v2\/types\/post"}],"author":[{"embeddable":true,"href":"https:\/\/www.europesays.com\/se\/wp-json\/wp\/v2\/users\/2"}],"replies":[{"embeddable":true,"href":"https:\/\/www.europesays.com\/se\/wp-json\/wp\/v2\/comments?post=46203"}],"version-history":[{"count":0,"href":"https:\/\/www.europesays.com\/se\/wp-json\/wp\/v2\/posts\/46203\/revisions"}],"wp:featuredmedia":[{"embeddable":true,"href":"https:\/\/www.europesays.com\/se\/wp-json\/wp\/v2\/media\/46204"}],"wp:attachment":[{"href":"https:\/\/www.europesays.com\/se\/wp-json\/wp\/v2\/media?parent=46203"}],"wp:term":[{"taxonomy":"category","embeddable":true,"href":"https:\/\/www.europesays.com\/se\/wp-json\/wp\/v2\/categories?post=46203"},{"taxonomy":"post_tag","embeddable":true,"href":"https:\/\/www.europesays.com\/se\/wp-json\/wp\/v2\/tags?post=46203"}],"curies":[{"name":"wp","href":"https:\/\/api.w.org\/{rel}","templated":true}]}}