{"id":46350,"date":"2025-10-03T14:28:08","date_gmt":"2025-10-03T14:28:08","guid":{"rendered":"https:\/\/www.europesays.com\/se\/46350\/"},"modified":"2025-10-03T14:28:08","modified_gmt":"2025-10-03T14:28:08","slug":"stromavbrottet-var-nog-helt-varldsunikt","status":"publish","type":"post","link":"https:\/\/www.europesays.com\/se\/46350\/","title":{"rendered":"Str\u00f6mavbrottet var nog helt v\u00e4rldsunikt"},"content":{"rendered":"<p>Str\u00f6mavbrottet som intr\u00e4ffade p\u00e5 Iberiska halv\u00f6n i april var unikt i Europas historia och kan ocks\u00e5 ha varit v\u00e4rldsunikt. Det sl\u00e5r en panel med 45 europeiska experter fast efter att ha analyserat avbrotttet, skriver AFP och BBC.<\/p>\n<p>Str\u00f6mmen gick i stora delar av Spanien och Portugal till f\u00f6ljd av flera \u201dkaskadartade \u00f6versp\u00e4nningar\u201d, vilket allts\u00e5 aldrig ska ha h\u00e4nt i Europa f\u00f6rut, och kanske inte heller i v\u00e4rlden. Inbyggda s\u00e4kerhetssystem ska ha kickat in, men utan framg\u00e5ng.<\/p>\n<p>Huvudorsaken till h\u00e4ndelsen \u00e4r \u00e4nnu inte fastslagen. Slutrapporten med en \u201ddetaljerad grundorsaksanalys\u201d publiceras f\u00f6rst under f\u00f6rsta kvartalet 2026.<\/p>\n<p>\u2013 Det h\u00e4r \u00e4r nytt territorium. Det \u00e4r ocks\u00e5 d\u00e4rf\u00f6r vi beh\u00f6ver lite tid, s\u00e4ger Damian Cortinas, ordf\u00f6rande f\u00f6r paraplyorganisationen f\u00f6r Europas stamn\u00e4tsoperat\u00f6rer.<\/p>\n<p>Omni \u00e4r politiskt obundna och oberoende. Vi str\u00e4var efter att ge fler perspektiv p\u00e5 nyheterna. Har du fr\u00e5gor eller synpunkter kring v\u00e5r rapportering? <a href=\"https:\/\/omni.se\/expertpanel-stromavbrottet-var-nog-helt-varldsunikt\/a\/mailto:redaktion@omni.se\" class=\"ArticleActions_contactLink__W2F1M\" rel=\"nofollow noopener\" target=\"_blank\">Kontakta redaktionen<\/a><\/p>\n","protected":false},"excerpt":{"rendered":"Str\u00f6mavbrottet som intr\u00e4ffade p\u00e5 Iberiska halv\u00f6n i april var unikt i Europas historia och kan ocks\u00e5 ha varit&hellip;\n","protected":false},"author":2,"featured_media":46351,"comment_status":"","ping_status":"","sticky":false,"template":"","format":"standard","meta":{"footnotes":""},"categories":[14],"tags":[22,23,267,1149,26,27,266,17,21,24,25,28,29,15,16,689,18,34,691,31,33,32,30,19,20,51,52,53,54],"class_list":{"0":"post-46350","1":"post","2":"type-post","3":"status-publish","4":"format-standard","5":"has-post-thumbnail","7":"category-varlden","8":"tag-breaking-news","9":"tag-breakingnews","10":"tag-europa","11":"tag-faktaruta-omni","12":"tag-featured-news","13":"tag-featurednews","14":"tag-frankrike","15":"tag-headlines","16":"tag-huvudnyheter","17":"tag-latest-news","18":"tag-latestnews","19":"tag-main-news","20":"tag-mainnews","21":"tag-news","22":"tag-nyheter","23":"tag-portugal","24":"tag-rubriker","25":"tag-se","26":"tag-spanien","27":"tag-svenska","28":"tag-sverige","29":"tag-sweden","30":"tag-swedish","31":"tag-top-stories","32":"tag-topstories","33":"tag-varlden","34":"tag-world","35":"tag-world-news","36":"tag-worldnews"},"share_on_mastodon":{"url":"","error":""},"_links":{"self":[{"href":"https:\/\/www.europesays.com\/se\/wp-json\/wp\/v2\/posts\/46350","targetHints":{"allow":["GET"]}}],"collection":[{"href":"https:\/\/www.europesays.com\/se\/wp-json\/wp\/v2\/posts"}],"about":[{"href":"https:\/\/www.europesays.com\/se\/wp-json\/wp\/v2\/types\/post"}],"author":[{"embeddable":true,"href":"https:\/\/www.europesays.com\/se\/wp-json\/wp\/v2\/users\/2"}],"replies":[{"embeddable":true,"href":"https:\/\/www.europesays.com\/se\/wp-json\/wp\/v2\/comments?post=46350"}],"version-history":[{"count":0,"href":"https:\/\/www.europesays.com\/se\/wp-json\/wp\/v2\/posts\/46350\/revisions"}],"wp:featuredmedia":[{"embeddable":true,"href":"https:\/\/www.europesays.com\/se\/wp-json\/wp\/v2\/media\/46351"}],"wp:attachment":[{"href":"https:\/\/www.europesays.com\/se\/wp-json\/wp\/v2\/media?parent=46350"}],"wp:term":[{"taxonomy":"category","embeddable":true,"href":"https:\/\/www.europesays.com\/se\/wp-json\/wp\/v2\/categories?post=46350"},{"taxonomy":"post_tag","embeddable":true,"href":"https:\/\/www.europesays.com\/se\/wp-json\/wp\/v2\/tags?post=46350"}],"curies":[{"name":"wp","href":"https:\/\/api.w.org\/{rel}","templated":true}]}}