{"id":46380,"date":"2025-10-03T15:02:08","date_gmt":"2025-10-03T15:02:08","guid":{"rendered":"https:\/\/www.europesays.com\/se\/46380\/"},"modified":"2025-10-03T15:02:08","modified_gmt":"2025-10-03T15:02:08","slug":"alexander-steen-kliver-in-i-tre-kronor","status":"publish","type":"post","link":"https:\/\/www.europesays.com\/se\/46380\/","title":{"rendered":"Alexander Steen kliver in i Tre Kronor"},"content":{"rendered":"<p>Publicerad 3 okt 2025 kl 16.09Uppdaterad kl 16.49<\/p>\n<p>Tidigare i veckan stod det klart att Patric H\u00f6rnqvist l\u00e4mnar Tre Kronors stab.<\/p>\n<p>Nu kliver en annan NHL-veteran in i densamma inf\u00f6r OS 2026: Alexander Steen.<\/p>\n<p>\u2013 Att representera Sverige \u00e4r ett privilegium som jag v\u00e4rderar oerh\u00f6rt h\u00f6gt, s\u00e4ger han.<\/p>\n<p>OS-aktuella stj\u00e4rnorna hyllar B\u00e4ckis<img loading=\"lazy\"   alt=\"\"\/><\/p>\n<p>Alexander Steen.<\/p>\n<p>Foto: MAXIM THORE \/ BILDBYR\u00c5N<\/p>\n<p>\u00d6ppna bild i helsk\u00e4rm<img loading=\"lazy\"   alt=\"\"\/><\/p>\n<p>Tre Kronors f\u00f6rbundskapten Sam Hallam.<\/p>\n<p>Foto: Claudio Bresciani\/TT \/ TT NYHETSBYR\u00c5N<\/p>\n<p>\u00d6ppna bild i helsk\u00e4rm<\/p>\n<p>Den f\u00f6re detta NHL-profilen har jobbat f\u00f6r St. Louis Blues efter spelarkarri\u00e4ren, samt haft en roll i det svenska U20-landslaget.<\/p>\n<p>Nu st\u00e5r det klart att Alexander Steen, 41, kommer ing\u00e5 i <a href=\"https:\/\/www.expressen.se\/tagg\/organization\/tre-kronor\/\" class=\"\" rel=\"nofollow noopener\" target=\"_blank\">Tre Kronors<\/a> ledarstab i samband med OS i Milano i februari.<\/p>\n<p>\u2013 Jag \u00e4r hedrad \u00f6ver att f\u00e5 den h\u00e4r m\u00f6jligheten. Att representera Sverige \u00e4r ett privilegium som jag v\u00e4rderar oerh\u00f6rt h\u00f6gt. Jag ser fram emot ett n\u00e4ra samarbete med v\u00e5rt f\u00f6rbund, v\u00e5r ledarstab, och v\u00e5ra fantastiska spelare n\u00e4r vi f\u00f6rbereder oss f\u00f6r OS, s\u00e4ger Alexander Steen i ett uttalande.<\/p>\n<p>\u201dHan vet vad det inneb\u00e4r\u201d<\/p>\n<p>Nu spetsas allts\u00e5 uppst\u00e4llningen runt f\u00f6rbundskapten Sam Hallam ytterligare, efter att ha adderats med Chicago Blackhawks assisterande tr\u00e4nare Anders S\u00f6rensen redan under v\u00e5rens VM (samtidigt som Nicklas Rahm l\u00e4mnat).\u00a0<\/p>\n<p>\u00c4ven S\u00f6rensen kommer att finnas med i Italien, precis som Florida Panthers-videocoachen Myles Fee.<\/p>\n<p>\u2013 V\u00e5rt arbete med OS-truppen b\u00f6rjade f\u00f6r en tid sedan och kommer att intensifieras ju n\u00e4rmare vi kommer uttagningen. Att Alex \u00e4r p\u00e5 plats i Nordamerika, i den roll han har i St. Louis Blues organisation, blir v\u00e4rdefullt. Han f\u00f6ljer v\u00e5ra svenska spelare dagligen. Han vet ocks\u00e5 vad det inneb\u00e4r att spela OS, ett perspektiv som givetvis \u00e4r viktigt, s\u00e4ger Sam Hallam.<\/p>\n<p>Sverige spikar sin OS-trupp i januari.<\/p>\n<p>Ledarstaben i sin helhet<\/p>\n<p><strong>Landslagschef: <\/strong>Anders Lundberg<\/p>\n<p><strong>General Manager: <\/strong>Josef Boumedienne<\/p>\n<p><strong>F\u00f6rbundskapten: <\/strong>Sam Hallam<\/p>\n<p><strong>Assisterande f\u00f6rbundskaptener:<\/strong> Stefan Klockare och Anders S\u00f6rensen<\/p>\n<p><strong>M\u00e5lvaktscoach: <\/strong>Anthon Hansson<\/p>\n<p><strong>Videocoach: <\/strong>Myles Fee<\/p>\n<p><strong>S\u00e4rskild r\u00e5dgivare: <\/strong>Alexander Steen<\/p>\n<p>Visa mer<\/p>\n","protected":false},"excerpt":{"rendered":"Publicerad 3 okt 2025 kl 16.09Uppdaterad kl 16.49 Tidigare i veckan stod det klart att Patric H\u00f6rnqvist l\u00e4mnar&hellip;\n","protected":false},"author":2,"featured_media":46381,"comment_status":"","ping_status":"","sticky":false,"template":"","format":"standard","meta":{"footnotes":""},"categories":[5],"tags":[22,23,26,27,17,21,24,25,28,29,15,16,1169,18,34,255,4674,31,33,32,30,19,20],"class_list":{"0":"post-46380","1":"post","2":"type-post","3":"status-publish","4":"format-standard","5":"has-post-thumbnail","7":"category-rubriker","8":"tag-breaking-news","9":"tag-breakingnews","10":"tag-featured-news","11":"tag-featurednews","12":"tag-headlines","13":"tag-huvudnyheter","14":"tag-latest-news","15":"tag-latestnews","16":"tag-main-news","17":"tag-mainnews","18":"tag-news","19":"tag-nyheter","20":"tag-organization-tre-kronor","21":"tag-rubriker","22":"tag-se","23":"tag-sections-ishockey","24":"tag-sections-trekronor","25":"tag-svenska","26":"tag-sverige","27":"tag-sweden","28":"tag-swedish","29":"tag-top-stories","30":"tag-topstories"},"share_on_mastodon":{"url":"","error":""},"_links":{"self":[{"href":"https:\/\/www.europesays.com\/se\/wp-json\/wp\/v2\/posts\/46380","targetHints":{"allow":["GET"]}}],"collection":[{"href":"https:\/\/www.europesays.com\/se\/wp-json\/wp\/v2\/posts"}],"about":[{"href":"https:\/\/www.europesays.com\/se\/wp-json\/wp\/v2\/types\/post"}],"author":[{"embeddable":true,"href":"https:\/\/www.europesays.com\/se\/wp-json\/wp\/v2\/users\/2"}],"replies":[{"embeddable":true,"href":"https:\/\/www.europesays.com\/se\/wp-json\/wp\/v2\/comments?post=46380"}],"version-history":[{"count":0,"href":"https:\/\/www.europesays.com\/se\/wp-json\/wp\/v2\/posts\/46380\/revisions"}],"wp:featuredmedia":[{"embeddable":true,"href":"https:\/\/www.europesays.com\/se\/wp-json\/wp\/v2\/media\/46381"}],"wp:attachment":[{"href":"https:\/\/www.europesays.com\/se\/wp-json\/wp\/v2\/media?parent=46380"}],"wp:term":[{"taxonomy":"category","embeddable":true,"href":"https:\/\/www.europesays.com\/se\/wp-json\/wp\/v2\/categories?post=46380"},{"taxonomy":"post_tag","embeddable":true,"href":"https:\/\/www.europesays.com\/se\/wp-json\/wp\/v2\/tags?post=46380"}],"curies":[{"name":"wp","href":"https:\/\/api.w.org\/{rel}","templated":true}]}}