{"id":46481,"date":"2025-10-03T17:20:14","date_gmt":"2025-10-03T17:20:14","guid":{"rendered":"https:\/\/www.europesays.com\/se\/46481\/"},"modified":"2025-10-03T17:20:14","modified_gmt":"2025-10-03T17:20:14","slug":"ikonen-kliver-in-i-tre-kronor","status":"publish","type":"post","link":"https:\/\/www.europesays.com\/se\/46481\/","title":{"rendered":"Ikonen kliver in i Tre Kronor"},"content":{"rendered":"<p><strong>Alexander Steen f\u00f6rst\u00e4rker <a href=\"https:\/\/hockeysverige.se\/landslag\/sverige\/\" rel=\"nofollow noopener\" target=\"_blank\">Tre Kronor<\/a> inf\u00f6r OS. NHL-veteranen kliver in som r\u00e5dgivare till ledarstaben och kommer jobba med scouting och laguttagning.<\/strong><\/p>\n<p><img loading=\"lazy\" decoding=\"async\" width=\"1024\" height=\"658\" src=\"https:\/\/www.europesays.com\/se\/wp-content\/uploads\/2025\/10\/Alexander-Steen.webp.webp\" alt=\"\" class=\"wp-image-309655\"  \/>Alexander Steen \u00e5terv\u00e4nder till landslaget och tar en plats i Tre Kronor den h\u00e4r g\u00e5ngen. <br \/><strong>Foto:<\/strong> Jesper Zerman \/ Bildbyr\u00e5n.<\/p>\n<p>Tre Kronor tappade i dagarna Patric H\u00f6rnqvist, som valde att l\u00e4mna sitt uppdrag i landslaget. Nu har de hittat en ny tidigare NHL-ikon att plocka in. N\u00e4mligen Alexander Steen, som var med och tog silver i OS 2010.<\/p>\n<p>P\u00e5 meritlistan finns \u00e4ven en Stanley Cup och \u00f6ver 1 000 NHL-matcher f\u00f6r Toronto Maple Leafs och St. Louis Blues. Och nu kommer han allts\u00e5 att f\u00f6rst\u00e4rka staben inf\u00f6r de olympiska spelen i Italien.<\/p>\n<p>\u2013\u00a0V\u00e5rt arbete med OS-truppen b\u00f6rjade f\u00f6r en tid sedan och kommer att intensifieras ju n\u00e4rmare vi kommer uttagningen. Att Alex \u00e4r p\u00e5 plats i Nordamerika, i den roll han har i St. Louis Blues organisation, blir v\u00e4rdefullt. Han f\u00f6ljer v\u00e5ra svenska spelare dagligen. Han vet ocks\u00e5 vad det inneb\u00e4r att spela OS, ett perspektiv som givetvis \u00e4r viktigt, s\u00e4ger f\u00f6rbundskapten Sam Hallam i ett pressmeddelande.<\/p>\n<p>Alexander Steen kliver in i Tre Kronor<\/p>\n<p>Alexander Steen spelade sina sista NHL-matcher s\u00e4songen 19\/20. Sedan dess har han varit aktiv inom St. Louis som ledare och assistent till deras general manager. 2024 var han ocks\u00e5 med Juniorkronorna i deras tr\u00e4narstab under junior-VM i G\u00f6teborg.<\/p>\n<p>Nu blir det allts\u00e5 jobb \u00e4ven i Tre Kronor. <\/p>\n<p>\u2013\u00a0Jag \u00e4r hedrad \u00f6ver att f\u00e5 den h\u00e4r m\u00f6jligheten. Att representera Sverige \u00e4r ett privilegium som jag v\u00e4rderar oerh\u00f6rt h\u00f6gt. Jag ser fram emot ett n\u00e4ra samarbete med v\u00e5rt f\u00f6rbund, v\u00e5r ledarstab, och v\u00e5ra fantastiska spelare n\u00e4r vi f\u00f6rbereder oss f\u00f6r OS. <\/p>\n<p>Anders S\u00f6rensen kommer \u00e4ven han att \u00e5terv\u00e4nda som assisterande tr\u00e4nare under OS. Chicago Blackhawks-tr\u00e4naren var med p\u00e5 b\u00e4nken under VM i Stockholm i maj. <\/p>\n<p> Source: <a href=\"https:\/\/www.eliteprospects.com\/player\/460\/alexander-steen\" target=\"_blank\" rel=\"noopener noreferrer nofollow\">Alexander Steen<\/a> @ Elite Prospects<\/p>\n","protected":false},"excerpt":{"rendered":"Alexander Steen f\u00f6rst\u00e4rker Tre Kronor inf\u00f6r OS. NHL-veteranen kliver in som r\u00e5dgivare till ledarstaben och kommer jobba med&hellip;\n","protected":false},"author":2,"featured_media":46482,"comment_status":"","ping_status":"","sticky":false,"template":"","format":"standard","meta":{"footnotes":""},"categories":[5],"tags":[22,23,26,27,17,21,24,25,28,29,15,16,18,34,133,31,33,32,30,19,20],"class_list":{"0":"post-46481","1":"post","2":"type-post","3":"status-publish","4":"format-standard","5":"has-post-thumbnail","7":"category-rubriker","8":"tag-breaking-news","9":"tag-breakingnews","10":"tag-featured-news","11":"tag-featurednews","12":"tag-headlines","13":"tag-huvudnyheter","14":"tag-latest-news","15":"tag-latestnews","16":"tag-main-news","17":"tag-mainnews","18":"tag-news","19":"tag-nyheter","20":"tag-rubriker","21":"tag-se","22":"tag-second-news","23":"tag-svenska","24":"tag-sverige","25":"tag-sweden","26":"tag-swedish","27":"tag-top-stories","28":"tag-topstories"},"share_on_mastodon":{"url":"","error":""},"_links":{"self":[{"href":"https:\/\/www.europesays.com\/se\/wp-json\/wp\/v2\/posts\/46481","targetHints":{"allow":["GET"]}}],"collection":[{"href":"https:\/\/www.europesays.com\/se\/wp-json\/wp\/v2\/posts"}],"about":[{"href":"https:\/\/www.europesays.com\/se\/wp-json\/wp\/v2\/types\/post"}],"author":[{"embeddable":true,"href":"https:\/\/www.europesays.com\/se\/wp-json\/wp\/v2\/users\/2"}],"replies":[{"embeddable":true,"href":"https:\/\/www.europesays.com\/se\/wp-json\/wp\/v2\/comments?post=46481"}],"version-history":[{"count":0,"href":"https:\/\/www.europesays.com\/se\/wp-json\/wp\/v2\/posts\/46481\/revisions"}],"wp:featuredmedia":[{"embeddable":true,"href":"https:\/\/www.europesays.com\/se\/wp-json\/wp\/v2\/media\/46482"}],"wp:attachment":[{"href":"https:\/\/www.europesays.com\/se\/wp-json\/wp\/v2\/media?parent=46481"}],"wp:term":[{"taxonomy":"category","embeddable":true,"href":"https:\/\/www.europesays.com\/se\/wp-json\/wp\/v2\/categories?post=46481"},{"taxonomy":"post_tag","embeddable":true,"href":"https:\/\/www.europesays.com\/se\/wp-json\/wp\/v2\/tags?post=46481"}],"curies":[{"name":"wp","href":"https:\/\/api.w.org\/{rel}","templated":true}]}}