{"id":46514,"date":"2025-10-03T18:12:08","date_gmt":"2025-10-03T18:12:08","guid":{"rendered":"https:\/\/www.europesays.com\/se\/46514\/"},"modified":"2025-10-03T18:12:08","modified_gmt":"2025-10-03T18:12:08","slug":"zeina-mourtadas-ordefter-tararna-i-spelet-i-svt","status":"publish","type":"post","link":"https:\/\/www.europesays.com\/se\/46514\/","title":{"rendered":"Zeina Mourtadas ord\nefter t\u00e5rarna i \u201dSpelet\u201d i SVT"},"content":{"rendered":"<p>Publicerad 3 okt 2025 kl 19.59<\/p>\n<p>SPOILERVARNING.<\/p>\n<p>Zeina Mourtada kunde inte sluta gr\u00e5ta.\u00a0<\/p>\n<p>Att se veckans avsnitt av \u201dSpelet\u201d har varit allt annat \u00e4n l\u00e4tt \u2013 \u00e4ven f\u00f6r hennes dotter.\u00a0<\/p>\n<p>\u2013\u00a0Hon har gr\u00e5tit mycket, s\u00e4ger dottern Batol Ghazal.\u00a0<\/p>\n<p><img   alt=\"\"\/><\/p>\n<p>Zeina Mourtada och dottern Batol Ghazal.<\/p>\n<p>Foto: Karin T\u00f6rnblom\/TT \/ TT NYHETSBYR\u00c5N<\/p>\n<p>\u00d6ppna bild i helsk\u00e4rm<\/p>\n<p>Zeina Mourtada, en av deltagarna i \u201dSpelet\u201d, f\u00f6ljer sig sj\u00e4lv i tv tillsammans med <a href=\"https:\/\/www.expressen.se\/tagg\/organization\/svt\/\" class=\"\" rel=\"nofollow noopener\" target=\"_blank\">SVT<\/a>:s tittare. Men det har inte varit helt l\u00e4tt.\u00a0<\/p>\n<p>N\u00e4r Expressen tr\u00e4ffar Mourtada och hennes dotter Batol Ghazal p\u00e5 r\u00f6da mattan vid Skistars 50-\u00e5rsjubileum p\u00e5 Nalen i Stockholm ber\u00e4ttar dottern att det varit tufft \u00e4ven f\u00f6r henne.<\/p>\n<p>\u2013 Jag tycker faktiskt att det har varit lite jobbigt att kolla. F\u00f6r det har varit n\u00e5gra jobbiga avsnitt f\u00f6r henne. Hon har gr\u00e5tit mycket. Men jag tycker att hon sk\u00f6ter sig bra, s\u00e4ger dottern.<\/p>\n<p>Mor och dotter har just f\u00e5tt se det fj\u00e4rde avsnittet.<\/p>\n<p>\u2013 Det \u00e4r ett hemskt avsnitt. Jag \u00e4r helt f\u00f6rkrossad. Det \u00e4r ett hemskt avsnitt f\u00f6r mig, s\u00e4ger Zeina Mourtada.\u00a0<\/p>\n<p>\u201dKonflikterna p\u00e5gick i timmar\u201d<\/p>\n<p>Mourtada ber\u00e4ttar att i veckans avsnitt v\u00e4nder sig majoriteten av deltagarna emot H\u00e5kan Juholt som blivit en n\u00e4ra v\u00e4n till henne. Efter en h\u00e4tsk diskussion med deltagaren Ayan Ahmed bryter tv-kocken ut i gr\u00e5t.\u00a0<\/p>\n<p>\u2013 Det ni tittare f\u00e5r se \u00e4r en timme. Men konflikterna p\u00e5gick i timmar, s\u00e4ger Mourtada.\u00a0<\/p>\n<p>Att gruppen ville f\u00e5 ut Juholt tog extra h\u00e5rt eftersom att n\u00e4ra v\u00e4nnen Dominika Peczynski fick l\u00e4mna veckan innan. I veckans avsnitt st\u00e5r Mourtada inf\u00f6r ett tufft val: F\u00f6lja gruppens plan, eller r\u00e4dda kvar Juholt.<\/p>\n<p><img loading=\"lazy\"   alt=\"\"\/><\/p>\n<p>Det uppst\u00e5r en diskussion mellan Zeina Mourtada och Ayan Ahmed.<\/p>\n<p>Foto: SVT<\/p>\n<p>\u00d6ppna bild i helsk\u00e4rm<img loading=\"lazy\"   alt=\"\"\/><\/p>\n<p>Mourtada bryter ut i gr\u00e5t och Ike Abika och Daniel Paris tr\u00f6star henne.<\/p>\n<p>Foto: SVT<\/p>\n<p>\u00d6ppna bild i helsk\u00e4rm<img loading=\"lazy\"   alt=\"\"\/><\/p>\n<p>F\u00f6r Expressen ber\u00e4ttar Mourtada att hon storgr\u00e4t p\u00e5 rummet efter diskussionen.<\/p>\n<p>Foto: SVT<\/p>\n<p>\u00d6ppna bild i helsk\u00e4rm<\/p>\n<p><strong>Var det sv\u00e5rt att distansera sig, l\u00e4gga sina k\u00e4nslor \u00e5t sidan och inte ta det personligt?<\/strong><\/p>\n<p>\u2013 Det var en konstant toxisk st\u00e4mning som jag tyckte var jobbig. Jag hade ingenstans att ta v\u00e4gen. I det h\u00e4r avsnittet s\u00e5 orkade jag inte mer, s\u00e5 jag st\u00e4nger in mig och storgr\u00e5ter i rummet f\u00f6r jag orkade inte h\u00f6ra \u201dH\u00e5kan ljuger. Han lurar dig. Du \u00e4r dum i huvudet\u201d, s\u00e4ger Mourtada.<\/p>\n<p>\u201dAldrig varit med om \u2013 n\u00e5gon skriker mig rakt i ansiktet\u201d<\/p>\n<p>Trots gruppens v\u00e4djan om att inte tro p\u00e5 H\u00e5kan Juholt st\u00e5r Zeina Mourtada p\u00e5 sig.\u00a0<\/p>\n<p>\u2013 Jag best\u00e4mmer mig f\u00f6r att inte vara en s\u00e5n som g\u00e5r med hela flocken. Jag ska r\u00e4dda H\u00e5kan, s\u00e4ger hon och forts\u00e4tter:<\/p>\n<p>\u2013 Jag har skinn p\u00e5 n\u00e4san men jag har aldrig i hela mitt liv varit med om \u2013 jag t\u00e4nkte p\u00e5 det i dag \u2013 att n\u00e5gon l\u00e4xar upp mig och skriker mig rakt i ansiktet.\u00a0<\/p>\n<p><img loading=\"lazy\"   alt=\"\"\/><\/p>\n<p>H\u00e5kan Juholt r\u00e4ddades kvar i veckans avsnitt.<\/p>\n<p>Foto: SVT<\/p>\n<p>\u00d6ppna bild i helsk\u00e4rm<\/p>\n","protected":false},"excerpt":{"rendered":"Publicerad 3 okt 2025 kl 19.59 SPOILERVARNING. Zeina Mourtada kunde inte sluta gr\u00e5ta.\u00a0 Att se veckans avsnitt av&hellip;\n","protected":false},"author":2,"featured_media":46515,"comment_status":"","ping_status":"","sticky":false,"template":"","format":"standard","meta":{"footnotes":""},"categories":[67],"tags":[104,361,3168,34,645,31,33,32,30,218,646,105],"class_list":{"0":"post-46514","1":"post","2":"type-post","3":"status-publish","4":"format-standard","5":"has-post-thumbnail","7":"category-underhallning","8":"tag-entertainment","9":"tag-organization-svt","10":"tag-person-hakan-juholt","11":"tag-se","12":"tag-sections-tv","13":"tag-svenska","14":"tag-sverige","15":"tag-sweden","16":"tag-swedish","17":"tag-topic-realityprogram","18":"tag-topic-tv-serier","19":"tag-underhallning"},"share_on_mastodon":{"url":"","error":""},"_links":{"self":[{"href":"https:\/\/www.europesays.com\/se\/wp-json\/wp\/v2\/posts\/46514","targetHints":{"allow":["GET"]}}],"collection":[{"href":"https:\/\/www.europesays.com\/se\/wp-json\/wp\/v2\/posts"}],"about":[{"href":"https:\/\/www.europesays.com\/se\/wp-json\/wp\/v2\/types\/post"}],"author":[{"embeddable":true,"href":"https:\/\/www.europesays.com\/se\/wp-json\/wp\/v2\/users\/2"}],"replies":[{"embeddable":true,"href":"https:\/\/www.europesays.com\/se\/wp-json\/wp\/v2\/comments?post=46514"}],"version-history":[{"count":0,"href":"https:\/\/www.europesays.com\/se\/wp-json\/wp\/v2\/posts\/46514\/revisions"}],"wp:featuredmedia":[{"embeddable":true,"href":"https:\/\/www.europesays.com\/se\/wp-json\/wp\/v2\/media\/46515"}],"wp:attachment":[{"href":"https:\/\/www.europesays.com\/se\/wp-json\/wp\/v2\/media?parent=46514"}],"wp:term":[{"taxonomy":"category","embeddable":true,"href":"https:\/\/www.europesays.com\/se\/wp-json\/wp\/v2\/categories?post=46514"},{"taxonomy":"post_tag","embeddable":true,"href":"https:\/\/www.europesays.com\/se\/wp-json\/wp\/v2\/tags?post=46514"}],"curies":[{"name":"wp","href":"https:\/\/api.w.org\/{rel}","templated":true}]}}