{"id":46584,"date":"2025-10-03T20:10:12","date_gmt":"2025-10-03T20:10:12","guid":{"rendered":"https:\/\/www.europesays.com\/se\/46584\/"},"modified":"2025-10-03T20:10:12","modified_gmt":"2025-10-03T20:10:12","slug":"strommer-tycker-stalkers-kommer-for-billigt-undan","status":"publish","type":"post","link":"https:\/\/www.europesays.com\/se\/46584\/","title":{"rendered":"Str\u00f6mmer tycker stalkers kommer \u201df\u00f6r billigt\u201d undan"},"content":{"rendered":"<p>Straffen f\u00f6r stalking b\u00f6r h\u00f6jas, s\u00e4ger justitieminister Gunnar Str\u00f6mmer (M) till Expressen. <\/p>\n<p>\u2013 En stalker kommer undan med villkorlig dom eller n\u00e5gra m\u00e5naders f\u00e4ngelse samtidigt som brottsoffret inte s\u00e4llan f\u00e5r hela sitt liv f\u00f6rst\u00f6rt eller i vart fall v\u00e4ldigt begr\u00e4nsat. Det \u00e4r ett f\u00f6r billigt pris f\u00f6r att f\u00f6rst\u00f6ra n\u00e5gons liv, s\u00e4ger Str\u00f6mmer.<\/p>\n<p>Flera fall av stalkning har uppm\u00e4rksammats stort den senaste tiden. Nyligen d\u00f6mdes influeraren Bianca Ingrossos stalker till fem m\u00e5naders f\u00e4ngelse och i v\u00e5ras d\u00f6mdes en 64-\u00e5rig man till b\u00f6ter och villkorlig dom f\u00f6r att ha stalkat skidstj\u00e4rnan Frida Karlsson.<\/p>\n<p>Str\u00f6mmer uppskattar att b\u00e5de Ingrosso och Karlsson \u00f6ppet har ber\u00e4ttat vad de utsatts f\u00f6r, d\u00e5 han tror att det kan hj\u00e4lpa unga kvinnor i liknande situationer. <\/p>\n<p>Omni \u00e4r politiskt obundna och oberoende. Vi str\u00e4var efter att ge fler perspektiv p\u00e5 nyheterna. Har du fr\u00e5gor eller synpunkter kring v\u00e5r rapportering? <a href=\"https:\/\/omni.se\/strommer-tycker-stalkers-kommer-for-billigt-undan\/a\/mailto:redaktion@omni.se\" class=\"ArticleActions_contactLink__W2F1M\" rel=\"nofollow noopener\" target=\"_blank\">Kontakta redaktionen<\/a><\/p>\n","protected":false},"excerpt":{"rendered":"Straffen f\u00f6r stalking b\u00f6r h\u00f6jas, s\u00e4ger justitieminister Gunnar Str\u00f6mmer (M) till Expressen. \u2013 En stalker kommer undan med&hellip;\n","protected":false},"author":2,"featured_media":46585,"comment_status":"","ping_status":"","sticky":false,"template":"","format":"standard","meta":{"footnotes":""},"categories":[5],"tags":[635,22,23,26,27,4687,2613,17,21,24,25,28,29,551,15,16,369,18,34,31,33,32,30,19,20],"class_list":{"0":"post-46584","1":"post","2":"type-post","3":"status-publish","4":"format-standard","5":"has-post-thumbnail","7":"category-rubriker","8":"tag-bianca-ingrosso","9":"tag-breaking-news","10":"tag-breakingnews","11":"tag-featured-news","12":"tag-featurednews","13":"tag-frida-karlsson","14":"tag-gunnar-strommer","15":"tag-headlines","16":"tag-huvudnyheter","17":"tag-latest-news","18":"tag-latestnews","19":"tag-main-news","20":"tag-mainnews","21":"tag-moderaterna","22":"tag-news","23":"tag-nyheter","24":"tag-politik","25":"tag-rubriker","26":"tag-se","27":"tag-svenska","28":"tag-sverige","29":"tag-sweden","30":"tag-swedish","31":"tag-top-stories","32":"tag-topstories"},"share_on_mastodon":{"url":"","error":""},"_links":{"self":[{"href":"https:\/\/www.europesays.com\/se\/wp-json\/wp\/v2\/posts\/46584","targetHints":{"allow":["GET"]}}],"collection":[{"href":"https:\/\/www.europesays.com\/se\/wp-json\/wp\/v2\/posts"}],"about":[{"href":"https:\/\/www.europesays.com\/se\/wp-json\/wp\/v2\/types\/post"}],"author":[{"embeddable":true,"href":"https:\/\/www.europesays.com\/se\/wp-json\/wp\/v2\/users\/2"}],"replies":[{"embeddable":true,"href":"https:\/\/www.europesays.com\/se\/wp-json\/wp\/v2\/comments?post=46584"}],"version-history":[{"count":0,"href":"https:\/\/www.europesays.com\/se\/wp-json\/wp\/v2\/posts\/46584\/revisions"}],"wp:featuredmedia":[{"embeddable":true,"href":"https:\/\/www.europesays.com\/se\/wp-json\/wp\/v2\/media\/46585"}],"wp:attachment":[{"href":"https:\/\/www.europesays.com\/se\/wp-json\/wp\/v2\/media?parent=46584"}],"wp:term":[{"taxonomy":"category","embeddable":true,"href":"https:\/\/www.europesays.com\/se\/wp-json\/wp\/v2\/categories?post=46584"},{"taxonomy":"post_tag","embeddable":true,"href":"https:\/\/www.europesays.com\/se\/wp-json\/wp\/v2\/tags?post=46584"}],"curies":[{"name":"wp","href":"https:\/\/api.w.org\/{rel}","templated":true}]}}