{"id":46714,"date":"2025-10-03T23:14:10","date_gmt":"2025-10-03T23:14:10","guid":{"rendered":"https:\/\/www.europesays.com\/se\/46714\/"},"modified":"2025-10-03T23:14:10","modified_gmt":"2025-10-03T23:14:10","slug":"3-1-seger-for-modo-hockey-mot-vimmerby","status":"publish","type":"post","link":"https:\/\/www.europesays.com\/se\/46714\/","title":{"rendered":"3\u20131-seger f\u00f6r Modo Hockey mot Vimmerby"},"content":{"rendered":"<p>Hemmalaget Modo Hockey segrade i H\u00e4gglunds Arena mot Vimmerby i hockeyallsvenskan. 3\u20131 (0\u20130, 2\u20131, 1\u20130) slutade matchen p\u00e5 fredagen.<\/p>\n<p>Segern var Modo Hockeys femte p\u00e5 de senaste sex matcherna, och fj\u00e4rde hemmasegern i rad.<\/p>\n<p>Modo Hockey\u2013Vimmerby \u2013 m\u00e5l f\u00f6r m\u00e5l<\/p>\n<p>Den f\u00f6rsta perioden slutade 0\u20130. Efter 2.05 i andra perioden gjorde Vimmerby 0\u20131 genom Marcus Limpar Lantz.<\/p>\n<p>Emil Larsson och Viktor Persson gjorde att Modo Hockey v\u00e4nde till underl\u00e4get till ledning med 2\u20131. 6.41 in i tredje perioden slog <a href=\"https:\/\/hockeysverige.se\/spelare\/milton-gastrin\/\" rel=\"nofollow noopener\" target=\"_blank\">Milton G\u00e4strin<\/a> till p\u00e5 pass av <a href=\"https:\/\/hockeysverige.se\/spelare\/jesper-olofsson\/\" rel=\"nofollow noopener\" target=\"_blank\">Jesper Olofsson<\/a> och Elton Hermansson och \u00f6kade ledningen. D\u00e4rmed hade laget v\u00e4nt matchen. M\u00e5let var <a href=\"https:\/\/hockeysverige.se\/spelare\/milton-gastrin\/\" rel=\"nofollow noopener\" target=\"_blank\">Milton G\u00e4strins<\/a> femte i hockeyallsvenskan.<\/p>\n<p>F\u00f6r Modo Hockey g\u00f6r resultatet att laget nu ligger p\u00e5 andra plats i tabellen medan Vimmerby \u00e4r sist, p\u00e5 14:e plats.<\/p>\n<p>Onsdag 8 oktober 19.00 m\u00f6ter Modo Hockey <a href=\"https:\/\/hockeysverige.se\/klubb\/vasteras-ik\/\" rel=\"nofollow noopener\" target=\"_blank\">V\u00e4ster\u00e5s<\/a> borta i ABB Arena Nord medan Vimmerby spelar hemma mot <a href=\"https:\/\/hockeysverige.se\/klubb\/if-bjorkloven\/\" rel=\"nofollow noopener\" target=\"_blank\">Bj\u00f6rkl\u00f6ven<\/a>.<\/p>\n<p><b>Modo Hockey\u2013Vimmerby 3\u20131 (0\u20130, 2\u20131, 1\u20130)<\/b><\/p>\n<p><b>Hockeyallsvenskan, H\u00e4gglunds Arena<\/b><\/p>\n<p><b>Andra perioden:<\/b> 0\u20131 (22.05) Marcus Limpar Lantz (Johan M\u00f6rnsj\u00f6), 1\u20131 (23.55) Viktor Persson (Kyle Topping, Tyler Kelleher), 2\u20131 (28.58) Emil Larsson (Kyle Topping).<\/p>\n<p><b>Tredje perioden:<\/b> 3\u20131 (46.41) Milton G\u00e4strin (Jesper Olofsson, Elton Hermansson).<\/p>\n<p><b>Form senaste fem matcherna (segrar-1 po\u00e4ng-f\u00f6rluster):<\/b><\/p>\n<p><b>Modo Hockey:<\/b> 4-0-1<\/p>\n<p><b>Vimmerby:<\/b> 1-1-3<\/p>\n<p><b>N\u00e4sta match:<\/b><\/p>\n<p><b>Modo Hockey:<\/b> V\u00e4ster\u00e5s IK, borta, 8 oktober<\/p>\n<p><b>Vimmerby:<\/b> IF Bj\u00f6rkl\u00f6ven, hemma, 8 oktober<\/p>\n","protected":false},"excerpt":{"rendered":"Hemmalaget Modo Hockey segrade i H\u00e4gglunds Arena mot Vimmerby i hockeyallsvenskan. 3\u20131 (0\u20130, 2\u20131, 1\u20130) slutade matchen p\u00e5&hellip;\n","protected":false},"author":2,"featured_media":46715,"comment_status":"","ping_status":"","sticky":false,"template":"","format":"standard","meta":{"footnotes":""},"categories":[5],"tags":[22,23,26,27,17,621,21,24,25,28,29,15,16,18,34,133,31,33,32,30,19,20],"class_list":{"0":"post-46714","1":"post","2":"type-post","3":"status-publish","4":"format-standard","5":"has-post-thumbnail","7":"category-rubriker","8":"tag-breaking-news","9":"tag-breakingnews","10":"tag-featured-news","11":"tag-featurednews","12":"tag-headlines","13":"tag-hockeyallsvenskan","14":"tag-huvudnyheter","15":"tag-latest-news","16":"tag-latestnews","17":"tag-main-news","18":"tag-mainnews","19":"tag-news","20":"tag-nyheter","21":"tag-rubriker","22":"tag-se","23":"tag-second-news","24":"tag-svenska","25":"tag-sverige","26":"tag-sweden","27":"tag-swedish","28":"tag-top-stories","29":"tag-topstories"},"share_on_mastodon":{"url":"","error":""},"_links":{"self":[{"href":"https:\/\/www.europesays.com\/se\/wp-json\/wp\/v2\/posts\/46714","targetHints":{"allow":["GET"]}}],"collection":[{"href":"https:\/\/www.europesays.com\/se\/wp-json\/wp\/v2\/posts"}],"about":[{"href":"https:\/\/www.europesays.com\/se\/wp-json\/wp\/v2\/types\/post"}],"author":[{"embeddable":true,"href":"https:\/\/www.europesays.com\/se\/wp-json\/wp\/v2\/users\/2"}],"replies":[{"embeddable":true,"href":"https:\/\/www.europesays.com\/se\/wp-json\/wp\/v2\/comments?post=46714"}],"version-history":[{"count":0,"href":"https:\/\/www.europesays.com\/se\/wp-json\/wp\/v2\/posts\/46714\/revisions"}],"wp:featuredmedia":[{"embeddable":true,"href":"https:\/\/www.europesays.com\/se\/wp-json\/wp\/v2\/media\/46715"}],"wp:attachment":[{"href":"https:\/\/www.europesays.com\/se\/wp-json\/wp\/v2\/media?parent=46714"}],"wp:term":[{"taxonomy":"category","embeddable":true,"href":"https:\/\/www.europesays.com\/se\/wp-json\/wp\/v2\/categories?post=46714"},{"taxonomy":"post_tag","embeddable":true,"href":"https:\/\/www.europesays.com\/se\/wp-json\/wp\/v2\/tags?post=46714"}],"curies":[{"name":"wp","href":"https:\/\/api.w.org\/{rel}","templated":true}]}}