{"id":4678,"date":"2025-08-14T11:59:10","date_gmt":"2025-08-14T11:59:10","guid":{"rendered":"https:\/\/www.europesays.com\/se\/4678\/"},"modified":"2025-08-14T11:59:10","modified_gmt":"2025-08-14T11:59:10","slug":"nagon-bor-olagligt-pa-o-i-stockholm-satt-upp-larm","status":"publish","type":"post","link":"https:\/\/www.europesays.com\/se\/4678\/","title":{"rendered":"N\u00e5gon bor olagligt p\u00e5 \u00f6 i Stockholm \u2013 satt upp larm"},"content":{"rendered":"<p>Delar av naturreservatet \u00c5rsta holmar, som ligger i centrala Stockholm, \u00e4r avst\u00e4ngt av s\u00e4kerhetssk\u00e4l, rapporterar Mitti. Anledningen uppges vara att en person olovligen bosatt sig p\u00e5 \u00f6n och satt upp larmsystem samt r\u00f6relsedetektorer.<\/p>\n<p>\u2013 Det vi vet \u00e4r att n\u00e5gon har boat in sig ordentligt och satt upp n\u00e5gon form av larmanordning, s\u00e4ger Peter Lind, trygghetssamordnare vid S\u00f6dermalms stadsdelsf\u00f6rvaltning.<\/p>\n<p>Kronofogden har kopplats in f\u00f6r att avhysa personen, som utan till\u00e5telse dragit in elledningar, f\u00e4llt tr\u00e4d och byggt ett dass i naturreservatet.<\/p>\n<p>Omni \u00e4r politiskt obundna och oberoende. Vi str\u00e4var efter att ge fler perspektiv p\u00e5 nyheterna. Har du fr\u00e5gor eller synpunkter kring v\u00e5r rapportering? <a href=\"https:\/\/omni.se\/olaglig-bosattning-pa-o-i-stockholm-satt-upp-larm\/a\/mailto:redaktion@omni.se\" class=\"ArticleActions_contactLink__W2F1M\" rel=\"nofollow noopener\" target=\"_blank\">Kontakta redaktionen<\/a><\/p>\n","protected":false},"excerpt":{"rendered":"Delar av naturreservatet \u00c5rsta holmar, som ligger i centrala Stockholm, \u00e4r avst\u00e4ngt av s\u00e4kerhetssk\u00e4l, rapporterar Mitti. Anledningen uppges&hellip;\n","protected":false},"author":2,"featured_media":4679,"comment_status":"","ping_status":"","sticky":false,"template":"","format":"standard","meta":{"footnotes":""},"categories":[12],"tags":[22,23,415,26,27,17,21,24,25,28,29,860,15,16,18,34,258,127,31,33,32,30,19,20],"class_list":{"0":"post-4678","1":"post","2":"type-post","3":"status-publish","4":"format-standard","5":"has-post-thumbnail","7":"category-sverige","8":"tag-breaking-news","9":"tag-breakingnews","10":"tag-djur-natur","11":"tag-featured-news","12":"tag-featurednews","13":"tag-headlines","14":"tag-huvudnyheter","15":"tag-latest-news","16":"tag-latestnews","17":"tag-main-news","18":"tag-mainnews","19":"tag-naturreservat","20":"tag-news","21":"tag-nyheter","22":"tag-rubriker","23":"tag-se","24":"tag-stockholm","25":"tag-stockholms-lan","26":"tag-svenska","27":"tag-sverige","28":"tag-sweden","29":"tag-swedish","30":"tag-top-stories","31":"tag-topstories"},"share_on_mastodon":{"url":"","error":""},"_links":{"self":[{"href":"https:\/\/www.europesays.com\/se\/wp-json\/wp\/v2\/posts\/4678","targetHints":{"allow":["GET"]}}],"collection":[{"href":"https:\/\/www.europesays.com\/se\/wp-json\/wp\/v2\/posts"}],"about":[{"href":"https:\/\/www.europesays.com\/se\/wp-json\/wp\/v2\/types\/post"}],"author":[{"embeddable":true,"href":"https:\/\/www.europesays.com\/se\/wp-json\/wp\/v2\/users\/2"}],"replies":[{"embeddable":true,"href":"https:\/\/www.europesays.com\/se\/wp-json\/wp\/v2\/comments?post=4678"}],"version-history":[{"count":0,"href":"https:\/\/www.europesays.com\/se\/wp-json\/wp\/v2\/posts\/4678\/revisions"}],"wp:featuredmedia":[{"embeddable":true,"href":"https:\/\/www.europesays.com\/se\/wp-json\/wp\/v2\/media\/4679"}],"wp:attachment":[{"href":"https:\/\/www.europesays.com\/se\/wp-json\/wp\/v2\/media?parent=4678"}],"wp:term":[{"taxonomy":"category","embeddable":true,"href":"https:\/\/www.europesays.com\/se\/wp-json\/wp\/v2\/categories?post=4678"},{"taxonomy":"post_tag","embeddable":true,"href":"https:\/\/www.europesays.com\/se\/wp-json\/wp\/v2\/tags?post=4678"}],"curies":[{"name":"wp","href":"https:\/\/api.w.org\/{rel}","templated":true}]}}