{"id":46788,"date":"2025-10-04T03:56:07","date_gmt":"2025-10-04T03:56:07","guid":{"rendered":"https:\/\/www.europesays.com\/se\/46788\/"},"modified":"2025-10-04T03:56:07","modified_gmt":"2025-10-04T03:56:07","slug":"sanny-lindstrom-jag-har-noll-respekt-for-det-olsen-gjorde-expressen","status":"publish","type":"post","link":"https:\/\/www.europesays.com\/se\/46788\/","title":{"rendered":"SANNY LINDSTR\u00d6M: Jag har noll respekt f\u00f6r det Olsen gjorde &#8211; Expressen"},"content":{"rendered":"<ol>\n<li><a href=\"https:\/\/news.google.com\/rss\/articles\/CBMiowFBVV95cUxQRHQyV1l1WXJqazJMa3YxTFdrOHZZdDRmdExRZy1IVTR4VnduM05xS0lPZ3A5Z2c4WXAwR2hxVExwYzVPR0YyS1ZMZHVLS0gxN1hqdHN5Ny1YVm9kalNfVkljTUxQeGtQSkJrU0F5ejhwei1HQlRzUkpmbUtZeERwazNuWEJ5WUZ3SE14QW9EcHhpdW1TN3RySGNrTVpXaXFNYWNN?oc=5\" target=\"_blank\" rel=\"nofollow noopener\">SANNY LINDSTR\u00d6M: Jag har noll respekt f\u00f6r det Olsen gjorde<\/a>&nbsp;&nbsp;Expressen<\/li>\n<li><a href=\"https:\/\/news.google.com\/rss\/articles\/CBMigAFBVV95cUxQa2FxY3ZiU1pHenNYOTA0Szk4Z0ZDRGIzd1JjX1NHaUZXMGpjQTRjZWdPY2tXU18xSDdCelRRa1JQYjFHdVcxYTY2NWZseGFfRDB5VUtRVTQzV2I3dVZyVHVnTkNDWjdybzlNbmFDQkR1QlQzTkktYXJlU2dScF9vMw?oc=5\" target=\"_blank\" rel=\"nofollow noopener\">Fotboll: Rami Shaaban om Olsen-gate: \u201dN\u00e5gonting fishy\u201d<\/a>&nbsp;&nbsp;SVT Nyheter<\/li>\n<li><a href=\"https:\/\/news.google.com\/rss\/articles\/CBMikgFBVV95cUxNN202b2s3Qm5mRmVjREluVUZsRHlYQ2NlMDlHWUZNbTNEWVVLWjdjX01vblNOSWs0WXozbGpLVkpqaE5OMFAzMFdEbVFvZDdkOEhBQTdKWUQtQXpFTTlYeEJsQ193TVJ6LXpneC1Tci1Fa1gxamZSRHJ6bk1xMndDTVZicDlCa1BmZEpMTWVNMk43QQ?oc=5\" target=\"_blank\" rel=\"nofollow noopener\">Johan Esk: Robin Olsen \u2013 fr\u00e5n m\u00e5lvaktshj\u00e4lte till kr\u00e4nkt gr\u00e5tbebis<\/a>&nbsp;&nbsp;DN<\/li>\n<li><a href=\"https:\/\/news.google.com\/rss\/articles\/CBMixwFBVV95cUxPNm9YMDF4TWptQ0JwZFV2TWRBbEpmdGtWUUFQTmRUc1QtRFE1OGlHd1NGOERNb3RuTVlkdXJ4bzl5Um1QUjIyMVR6Nkc0bUw3cnU0T2EzTThja3VfcmZKbnpMc3c4Y1R0clY4YmdvTl9zSW5DSFlQb0RELWd3VEtQVlk5Rk1FeVFkU1FvT3JlZEMtaUEwejlQMThDY1FaTjh2TVRwMHdwR1FjZWM5TmNOYWp1eEJpa0JzSmlxM1pDZmtxbUlKamtV?oc=5\" target=\"_blank\" rel=\"nofollow noopener\">Robin Olsens attack: \u201dJon \u00e4r en ledare som jag inte vill jobba under\u201d<\/a>&nbsp;&nbsp;Aftonbladet<\/li>\n<li><a href=\"https:\/\/news.google.com\/rss\/articles\/CBMipAFBVV95cUxPQzlwMXM4RGxSVlA0UVJmUmJUa3lGQy1hRjJhT05kOTQyZzNTZEM2eGh6cXFSTHhmYjBOdlRvaW9UOGNraDNKV0c3SHg4NnFBY2lBWkJCc2Y1OWY2NUpYQ3RnVHY5NlhzZWRWaUNxWGNyanlpOEJnLXRERndWVzhzVFZMb19lWHZYd1hJaF8zWWtlRlk5Wmg1SjJXMV93SjlYNk1ZdA?oc=5\" target=\"_blank\" rel=\"nofollow noopener\">Lustigs reaktion p\u00e5 Olsen-gate: \u201dNej, Robin&#8230;\u201d<\/a>&nbsp;&nbsp;Aftonbladet<\/li>\n<\/ol>\n","protected":false},"excerpt":{"rendered":"SANNY LINDSTR\u00d6M: Jag har noll respekt f\u00f6r det Olsen gjorde&nbsp;&nbsp;Expressen Fotboll: Rami Shaaban om Olsen-gate: \u201dN\u00e5gonting fishy\u201d&nbsp;&nbsp;SVT Nyheter&hellip;\n","protected":false},"author":2,"featured_media":46789,"comment_status":"","ping_status":"","sticky":false,"template":"","format":"standard","meta":{"footnotes":""},"categories":[68],"tags":[4698,103,34,255,823,111,110,31,33,32,30],"class_list":{"0":"post-46788","1":"post","2":"type-post","3":"status-publish","4":"format-standard","5":"has-post-thumbnail","7":"category-sport","8":"tag-newsstory-signerat-sanny","9":"tag-premium","10":"tag-se","11":"tag-sections-ishockey","12":"tag-sections-shl","13":"tag-sport","14":"tag-sports","15":"tag-svenska","16":"tag-sverige","17":"tag-sweden","18":"tag-swedish"},"share_on_mastodon":{"url":"","error":""},"_links":{"self":[{"href":"https:\/\/www.europesays.com\/se\/wp-json\/wp\/v2\/posts\/46788","targetHints":{"allow":["GET"]}}],"collection":[{"href":"https:\/\/www.europesays.com\/se\/wp-json\/wp\/v2\/posts"}],"about":[{"href":"https:\/\/www.europesays.com\/se\/wp-json\/wp\/v2\/types\/post"}],"author":[{"embeddable":true,"href":"https:\/\/www.europesays.com\/se\/wp-json\/wp\/v2\/users\/2"}],"replies":[{"embeddable":true,"href":"https:\/\/www.europesays.com\/se\/wp-json\/wp\/v2\/comments?post=46788"}],"version-history":[{"count":0,"href":"https:\/\/www.europesays.com\/se\/wp-json\/wp\/v2\/posts\/46788\/revisions"}],"wp:featuredmedia":[{"embeddable":true,"href":"https:\/\/www.europesays.com\/se\/wp-json\/wp\/v2\/media\/46789"}],"wp:attachment":[{"href":"https:\/\/www.europesays.com\/se\/wp-json\/wp\/v2\/media?parent=46788"}],"wp:term":[{"taxonomy":"category","embeddable":true,"href":"https:\/\/www.europesays.com\/se\/wp-json\/wp\/v2\/categories?post=46788"},{"taxonomy":"post_tag","embeddable":true,"href":"https:\/\/www.europesays.com\/se\/wp-json\/wp\/v2\/tags?post=46788"}],"curies":[{"name":"wp","href":"https:\/\/api.w.org\/{rel}","templated":true}]}}